{"id":101096,"date":"2023-11-09T09:24:16","date_gmt":"2023-11-09T12:24:16","guid":{"rendered":"https:\/\/corrientesdetarde.com\/?p=101096"},"modified":"2023-11-09T09:25:15","modified_gmt":"2023-11-09T12:25:15","slug":"el-dia-que-el-checho-batista-asusto-a-todos-el-choque-con-pedro-monzon-que-casi-le-cuesta-la-vida","status":"publish","type":"post","link":"https:\/\/corrientesdetarde.com\/index.php\/deportes\/el-dia-que-el-checho-batista-asusto-a-todos-el-choque-con-pedro-monzon-que-casi-le-cuesta-la-vida\/","title":{"rendered":"El d\u00eda que el Checho Batista asust\u00f3 a todos: el choque con Pedro Monz\u00f3n que casi le cuesta la vida"},"content":{"rendered":"\n<p>El 20 de diciembre de 1987,\u00a0<strong>Sergio Batista<\/strong>\u00a0ten\u00eda 26 a\u00f1os. Sin embargo, para el volante central campe\u00f3n del mundo en M\u00e9xico 86 aquella fecha es una suerte de kil\u00f3metro cero: jugando para Argentinos Juniors contra Independiente, tuvo\u00a0<strong>un<\/strong>\u00a0<strong>choque de cabezas con<\/strong>\u00a0<strong>Pedro Monz\u00f3n<\/strong>\u00a0<strong>que casi le cuesta la vida<\/strong>.<\/p>\n\n\n\n<p>Y no es una exageraci\u00f3n decir que naci\u00f3 de nuevo, porque\u00a0<strong>el<\/strong>\u00a0<strong>Checho asust\u00f3 a todos<\/strong>\u00a0los que lo vieron de cerca caer desplomado y comenzar a sufrir convulsiones. Y fue el m\u00e9dico del equipo de La Paternal,\u00a0<strong>Roberto Avanzi<\/strong>, que aunque su especialidad fue siempre la traumatolog\u00eda, y especialmente las rodillas, se meti\u00f3 como un rayo a la cancha para salvarle la vida al futbolista.<\/p>\n\n\n\n<figure class=\"wp-block-image\"><img decoding=\"async\" src=\"https:\/\/tn.com.ar\/resizer\/hL7R_42olPCaEbnOWoy_sMOrAu0=\/767x0\/smart\/filters:format(webp)\/cloudfront-us-east-1.images.arcpublishing.com\/artear\/5JX3AAEDQFCVZH2YH3BK5W3UII.jpg\" alt=\"Sergio Checho Batista fue un futbolista con un muy buen manejo de la pelota. FOTO: Instagram \/ @chechobatistaok\"\/><figcaption>Sergio Checho Batista fue un futbolista con un muy buen manejo de la pelota. FOTO: Instagram \/ @chechobatistaok<\/figcaption><\/figure>\n\n\n\n<p>\u201cEl doctor Avanzi me salv\u00f3 la vida\u201d, cont\u00f3 desde siempre Checho, cuyo documento dice que est\u00e1 cumpliendo 61 a\u00f1os.\u00a0\u201c<strong>Me salv\u00f3 primero de que me tragara la lengua<\/strong>\u00a0mientras convulsionaba -agreg\u00f3-. De ah\u00ed me llevaron al (Hospital) Fiorito, donde tuve un paro pero pudieron salvarme\u201d.<\/p>\n\n\n\n<p>Checho es Batista por su pap\u00e1, Jos\u00e9, fundador del prestigioso&nbsp;<strong>Club Social y Deportivo Parque, cuna de ni\u00f1os cracks<\/strong>&nbsp;que en muchos casos ratificaron sus condiciones en el f\u00fatbol grande. Y es Checho por su hermano mayor, Norberto, quien de chico no le sal\u00eda el nombre de su hermanito y en vez de \u201cSergio\u201d siempre le dec\u00eda \u201cChecho\u201d. Y as\u00ed qued\u00f3.<\/p>\n\n\n\n<p>Tanto qued\u00f3 el apodo que no faltaron flacos barbudos de los a\u00f1os 80 a los que les dijeran Checho por las similitudes con Batista, lo mismo que a muchos mediocampistas, de tranco lento y buen manejo, que tambi\u00e9n se ganaron ese seud\u00f3nimo por quien&nbsp;<strong>supo ser campe\u00f3n del f\u00fatbol argentino con Argentinos Juniors&nbsp;<\/strong>(Metro 84 y Nacional 85) y con&nbsp;<strong>River&nbsp;<\/strong>(Campeonato de Primera 89\/90), a nivel internacional de la Copa Libertadores 1985 e Interamericana 1986 con el Bicho de La Paternal.<\/p>\n\n\n\n<h2 class=\"wp-block-heading\">El d\u00eda que el Checho Batista asust\u00f3 a todos: con la marca personal de Carlos Bilardo<\/h2>\n\n\n\n<p>El golpe que se dio en el aire con Pedro Monz\u00f3n, con quien fue compa\u00f1ero en la Selecci\u00f3n argentina y construy\u00f3 una gran relaci\u00f3n fuera de la cancha tambi\u00e9n, lo dej\u00f3 tumbado e inconsciente. Todo lo que le pas\u00f3, se lo contaron. Que convulsion\u00f3 y Avanzi le salv\u00f3 la vida, que luego tuvo un paro y que lo sacaron adelante\u2026 Lo que nadie le cont\u00f3 fue lo que sus ojos vieron en el primer instante que se volvieron a abrir:&nbsp;<strong>la cara de Carlos Salvador Bilardo<\/strong>.<\/p>\n\n\n\n<figure class=\"wp-block-image\"><img decoding=\"async\" src=\"https:\/\/tn.com.ar\/resizer\/fDz1qcYQyL5xDJzhtmSR5kywnqc=\/767x0\/smart\/filters:format(webp)\/cloudfront-us-east-1.images.arcpublishing.com\/artear\/FD4C67OW45AELBN7VXA5OPRFZE.jpg\" alt=\"Checho Batista, en su \u00faltimo trabajo como entrenador, en Qatar. Ahora est\u00e1 junto a su hermano Fernando, DT de Venezuela. FOTO: Instagram \/ @chechobatistaok\"\/><figcaption>Checho Batista, en su \u00faltimo trabajo como entrenador, en Qatar. Ahora est\u00e1 junto a su hermano Fernando, DT de Venezuela. FOTO: Instagram \/ @chechobatistaok<\/figcaption><\/figure>\n\n\n\n<p><strong>El t\u00e9cnico del seleccionado campe\u00f3n de 1986, equipo en el que Checho fue una pieza clave<\/strong>, se hab\u00eda subido a la ambulancia que traslad\u00f3 al futbolista al Hospital y nunca se despeg\u00f3 de \u00e9l hasta que recuper\u00f3 la conciencia.<\/p>\n\n\n\n<p>A pesar de la gravedad del cuadro en ese momento, Batista pudo recuperarse y seguir jugando,&nbsp;<strong>sin que le queden ning\u00fan tipo de secuelas neurol\u00f3gicas ni f\u00edsicas.&nbsp;<\/strong>Al poco tiempo pas\u00f3 de Argentinos a River, donde estuvo un par de temporadas antes de regresar al club de toda su vida.<\/p>\n\n\n\n<p>Sin embargo, aunque reci\u00e9n ten\u00eda 30 a\u00f1os, su declive f\u00edsico se hab\u00eda agravado entre otras cosas por su\u00a0<strong>adicci\u00f3n a la coca\u00edna,\u00a0<\/strong>tema que durante mucho tiempo Checho y todo su entorno mantuvieron en secreto aunque luego lo termin\u00f3 contando como la experiencia m\u00e1s dif\u00edcil de su vida.<\/p>\n\n\n\n<p>\u201cLo primero que ten\u00e9s que hacer con la droga es asumir que est\u00e1s enfermo\u00a0<strong>y tom\u00e9 la decisi\u00f3n de irme a Jap\u00f3n porque ten\u00eda que cambiar el entorno<\/strong>. Les dije que el contrato que me dieran no me interesaba, que compraran los pasajes y me fui. Cuando volv\u00ed, ya estaba recuperado\u201d, cont\u00f3 Batista, quien lleg\u00f3 a tener una suerte de cuidador personal. Ni m\u00e1s ni menos que un asistente que no lo dejaba nunca solo para ayudarlo a sobrellevar el s\u00edndrome de la abstinencia y evitar reca\u00eddas.<\/p>\n\n\n\n<h2 class=\"wp-block-heading\">La vida como DT de Batista y el sue\u00f1o de su vida: la Selecci\u00f3n<\/h2>\n\n\n\n<p>Entre 2001 y 2007, Batista dirigi\u00f3 a Argentinos Juniors, a Talleres, a Nueva Chicago y a Godoy Cruz antes de ser convocado por&nbsp;<strong>Julio Grondona<\/strong>&nbsp;para tomar el mando de las selecciones juveniles nacionales.<\/p>\n\n\n\n<p>Y ah\u00ed tuvo la oportunidad de su vida, porque tom\u00f3 el equipo que hab\u00eda clasificado Hugo Tocalli a los&nbsp;<strong>Juegos Ol\u00edmpicos de Pek\u00edn 2008 y junt\u00f3 a Lionel Messi con Riquelme<\/strong>. Gan\u00f3 la medalla de oro y fue su pasaporte a la Selecci\u00f3n Mayor, en la que asumi\u00f3 despu\u00e9s del Mundial de Sud\u00e1frica 2010 en reemplaz\u00f3 nada menos que de&nbsp;<strong>Diego Maradona quien lo descalific\u00f3 llam\u00e1ndolo \u201cPi\u00f1\u00f3n Fijo\u201d.<\/strong><\/p>\n\n\n\n<figure class=\"wp-block-image\"><img decoding=\"async\" src=\"https:\/\/tn.com.ar\/resizer\/31VXB6hnXoImI9Y2TbwFq-OTIJY=\/767x0\/smart\/filters:format(webp)\/cloudfront-us-east-1.images.arcpublishing.com\/artear\/6ZARM5574JH6XMRKAPRFDH7W4U.jpg\" alt=\"Junto a Lionel Messi, hace unos meses, en Miami. FOTO: Instagram \/ @chechobatistaok\"\/><figcaption>Junto a Lionel Messi, hace unos meses, en Miami. FOTO: Instagram \/ @chechobatistaok<\/figcaption><\/figure>\n\n\n\n<p>Pero Checho opt\u00f3 por no polemizar con su antiguo compa\u00f1ero de Selecci\u00f3n y so\u00f1\u00f3 con armar un equipo que jugara como el Barcelona de Guardiola.&nbsp;<strong>Ten\u00eda a Messi, nada menos. Pero las cosas no salieron c\u00f3mo las pens\u00f3<\/strong>&nbsp;y luego de la eliminaci\u00f3n de la Copa Am\u00e9rica 2011, que se realiz\u00f3 en la Argentina, Checho dej\u00f3 su cargo. Y solo dirigi\u00f3 en los siguientes a\u00f1os en China, Bar\u00e9in y Qatar.<\/p>\n\n\n\n<p>Y desde mayo de este a\u00f1o es el&nbsp;<strong>Secretario General Deportivo de la Federaci\u00f3n Venezolana de F\u00fatbol<\/strong>, cargo para el que fue recomendado por su hermano menor, Fernando Batista, quien es el entrenador del seleccionado mayor de este pa\u00eds.<\/p>\n","protected":false},"excerpt":{"rendered":"<p>El 20 de diciembre de 1987,\u00a0Sergio Batista\u00a0ten\u00eda 26 a\u00f1os. Sin embargo, para el volante central campe\u00f3n del mundo en M\u00e9xico 86 aquella fecha es una suerte de kil\u00f3metro cero: jugando&hellip; <\/p>\n","protected":false},"author":12,"featured_media":101098,"comment_status":"closed","ping_status":"open","sticky":false,"template":"","format":"standard","meta":{"footnotes":""},"categories":[4],"tags":[],"class_list":["post-101096","post","type-post","status-publish","format-standard","has-post-thumbnail","hentry","category-deportes"],"_links":{"self":[{"href":"https:\/\/corrientesdetarde.com\/index.php\/wp-json\/wp\/v2\/posts\/101096","targetHints":{"allow":["GET"]}}],"collection":[{"href":"https:\/\/corrientesdetarde.com\/index.php\/wp-json\/wp\/v2\/posts"}],"about":[{"href":"https:\/\/corrientesdetarde.com\/index.php\/wp-json\/wp\/v2\/types\/post"}],"author":[{"embeddable":true,"href":"https:\/\/corrientesdetarde.com\/index.php\/wp-json\/wp\/v2\/users\/12"}],"replies":[{"embeddable":true,"href":"https:\/\/corrientesdetarde.com\/index.php\/wp-json\/wp\/v2\/comments?post=101096"}],"version-history":[{"count":2,"href":"https:\/\/corrientesdetarde.com\/index.php\/wp-json\/wp\/v2\/posts\/101096\/revisions"}],"predecessor-version":[{"id":101100,"href":"https:\/\/corrientesdetarde.com\/index.php\/wp-json\/wp\/v2\/posts\/101096\/revisions\/101100"}],"wp:featuredmedia":[{"embeddable":true,"href":"https:\/\/corrientesdetarde.com\/index.php\/wp-json\/wp\/v2\/media\/101098"}],"wp:attachment":[{"href":"https:\/\/corrientesdetarde.com\/index.php\/wp-json\/wp\/v2\/media?parent=101096"}],"wp:term":[{"taxonomy":"category","embeddable":true,"href":"https:\/\/corrientesdetarde.com\/index.php\/wp-json\/wp\/v2\/categories?post=101096"},{"taxonomy":"post_tag","embeddable":true,"href":"https:\/\/corrientesdetarde.com\/index.php\/wp-json\/wp\/v2\/tags?post=101096"}],"curies":[{"name":"wp","href":"https:\/\/api.w.org\/{rel}","templated":true}]}}