{"id":101105,"date":"2023-11-09T09:58:29","date_gmt":"2023-11-09T12:58:29","guid":{"rendered":"https:\/\/corrientesdetarde.com\/?p=101105"},"modified":"2023-11-09T09:58:41","modified_gmt":"2023-11-09T12:58:41","slug":"murio-a-los-60-anos-el-periodista-edi-zunino","status":"publish","type":"post","link":"https:\/\/corrientesdetarde.com\/index.php\/politica\/murio-a-los-60-anos-el-periodista-edi-zunino\/","title":{"rendered":"Muri\u00f3 a los 60 a\u00f1os el periodista Edi Zunino"},"content":{"rendered":"\n<p>Muri\u00f3 a los 60 a\u00f1os el periodista pol\u00edtico&nbsp;<strong>Edi Zunino,&nbsp;<\/strong>anunci\u00f3 el CEO de la Editorial Perfil,&nbsp;<strong>Jorge Fontevecchia.&nbsp;<\/strong>El editor, que ten\u00eda c\u00e1ncer, form\u00f3 parte de la revista&nbsp;<em>Noticias&nbsp;<\/em>desde su surgimiento y escribi\u00f3 varios libros, \u201cPatria o medios\u201d, \u201cPeriodistas en el barro\u201d, \u201cCerrar la grieta\u201d y \u201cLocos de amor, odio y fracaso\u201d.<\/p>\n\n\n\n<p>Fontevecchia dijo en medio de una entrevista a\u00a0<em>Radio Con Vos:\u00a0<\/em>\u201cPerdoname, pero me acaban de pasar una noticia muy triste, que muri\u00f3 Edi Zunino, y no pude prestar atenci\u00f3n a lo que me estabas diciendo. Es\u00a0<strong>una profunda tristeza,\u00a0<\/strong>fue director de la revista\u00a0<em>Noticias<\/em>\u201d. Agreg\u00f3: \u201cEra un chico, era el famoso que se puso los cables en el cuerpo para grabar la corrupci\u00f3n de Armando Cavalieri en el Sindicato de Comercio, me acuerdo eso perfectamente con veintipocos a\u00f1os\u201d.<\/p>\n\n\n\n<p>En su extensa trayectoria period\u00edstica Zunino fue editor de la revista&nbsp;<em>TXT,<\/em>&nbsp;secretario general de redacci\u00f3n de&nbsp;<em>Perfil<\/em>, luego jefe de redacci\u00f3n y posteriormente director en la Editorial, propiedad deFontevecchia. Estuvo al frente del equipo que sigui\u00f3 las alternativas posteriores al asesinato del fot\u00f3grafo&nbsp;<strong>Jos\u00e9 Luis Cabezas<\/strong>. Recibi\u00f3 premios internacionales y nacionales a la \u00c9tica Period\u00edstica y a la Libertad de Expresi\u00f3n.<\/p>\n\n\n\n<h2 class=\"wp-block-heading\">Las despedidas de periodistas y pol\u00edticos a Edi Zunino<\/h2>\n\n\n\n<ul class=\"wp-block-list\"><li>El periodista y polit\u00f3logo, del Comit\u00e9 Editorial Grupo Perfil,&nbsp;<strong>Rodrigo Lloret,<\/strong>&nbsp;dijo en su cuenta de<em>&nbsp;X:<\/em>&nbsp;\u201cEn una gran entrevista de Ernesto Tenembaum a Fontevecchia sobre medios, pol\u00edtica y periodismo, Jorge coment\u00f3 al aire una<strong>&nbsp;trist\u00edsima noticia<\/strong>&nbsp;para todos y especialmente para mi: muri\u00f3 Edi Zunino. Edi fue el mejor jefe que tuve. Un&nbsp;<strong>apasionado&nbsp;<\/strong>por el periodismo. Un periodista de raza\u201d.<\/li><li>El periodista,&nbsp;<strong>Ram\u00f3n Indart,<\/strong>&nbsp;tambi\u00e9n lo record\u00f3: \u201c\u2018Vos public\u00e1. Despu\u00e9s pedimos permiso\u2019. Chau Edi Zunino. Un honor haber trabajado con vos. Mi jefe en&nbsp;<em>Perfil.&nbsp;<\/em>Mi compa\u00f1ero en&nbsp;<em>A24.<\/em>&nbsp;Por suerte te lo pude decir en vida. Siempre defendiendo a tus periodistas y bancando la parada ante presiones. Investigar con vos era distinto\u201d, en su cuenta de&nbsp;<em>X.<\/em><\/li><li>El jefe de redacci\u00f3n del Diario Perfil,&nbsp;<strong>Javier Calvo,<\/strong>&nbsp;lo despidi\u00f3 en su cuenta de&nbsp;<em>X<\/em>: \u201c\u2018Hola Pich\u00f3n\u2019, me saludaba con un beso Edi Zunino cuando nos cruz\u00e1bamos hasta los \u00faltimos d\u00edas en&nbsp;<em>Am\u00e9rica<\/em>. Compartimos muchos a\u00f1os de laburo. Nos re\u00edmos, discutimos y debat\u00edamos sobre periodismo. Por suerte lo pude abrazar seguido \u00faltimamente. Abrazo a la familia. Chau Pich\u00f3n\u201d.<\/li><li>El secretario de Relaciones con la Sociedad Civil y Desarrollo Comunitario,&nbsp;<strong>Fernando \u201cChino\u201d Navarro,<\/strong>&nbsp;tambi\u00e9n lament\u00f3 la muerte del periodista: \u201cLamento profundamente el fallecimiento de Edi Zunino, director de Revista Noticias. Excelente periodista, apasionado de su profesi\u00f3n y mejor persona. Mis condolencias para sus familiares, colegas y amigos\u201d, escribi\u00f3 en su cuenta de&nbsp;<em>X.<\/em><\/li><li>El senador nacional del PRO,&nbsp;<strong>Alfredo de Angeli,<\/strong>&nbsp;escribi\u00f3 en su cuenta de&nbsp;<em>X:<\/em>&nbsp;\u201cLamento profundamente la p\u00e9rdida del periodista Edi Zunino. Una persona amable y respetuosa con quien hice infinidades de notas. Mi saludo a familiares, amigos y colegas cercanos en este triste momento\u201d.<\/li><\/ul>\n","protected":false},"excerpt":{"rendered":"<p>Muri\u00f3 a los 60 a\u00f1os el periodista pol\u00edtico&nbsp;Edi Zunino,&nbsp;anunci\u00f3 el CEO de la Editorial Perfil,&nbsp;Jorge Fontevecchia.&nbsp;El editor, que ten\u00eda c\u00e1ncer, form\u00f3 parte de la revista&nbsp;Noticias&nbsp;desde su surgimiento y escribi\u00f3 varios&hellip; <\/p>\n","protected":false},"author":12,"featured_media":101117,"comment_status":"closed","ping_status":"open","sticky":false,"template":"","format":"standard","meta":{"footnotes":""},"categories":[3],"tags":[],"class_list":["post-101105","post","type-post","status-publish","format-standard","has-post-thumbnail","hentry","category-politica"],"_links":{"self":[{"href":"https:\/\/corrientesdetarde.com\/index.php\/wp-json\/wp\/v2\/posts\/101105","targetHints":{"allow":["GET"]}}],"collection":[{"href":"https:\/\/corrientesdetarde.com\/index.php\/wp-json\/wp\/v2\/posts"}],"about":[{"href":"https:\/\/corrientesdetarde.com\/index.php\/wp-json\/wp\/v2\/types\/post"}],"author":[{"embeddable":true,"href":"https:\/\/corrientesdetarde.com\/index.php\/wp-json\/wp\/v2\/users\/12"}],"replies":[{"embeddable":true,"href":"https:\/\/corrientesdetarde.com\/index.php\/wp-json\/wp\/v2\/comments?post=101105"}],"version-history":[{"count":1,"href":"https:\/\/corrientesdetarde.com\/index.php\/wp-json\/wp\/v2\/posts\/101105\/revisions"}],"predecessor-version":[{"id":101118,"href":"https:\/\/corrientesdetarde.com\/index.php\/wp-json\/wp\/v2\/posts\/101105\/revisions\/101118"}],"wp:featuredmedia":[{"embeddable":true,"href":"https:\/\/corrientesdetarde.com\/index.php\/wp-json\/wp\/v2\/media\/101117"}],"wp:attachment":[{"href":"https:\/\/corrientesdetarde.com\/index.php\/wp-json\/wp\/v2\/media?parent=101105"}],"wp:term":[{"taxonomy":"category","embeddable":true,"href":"https:\/\/corrientesdetarde.com\/index.php\/wp-json\/wp\/v2\/categories?post=101105"},{"taxonomy":"post_tag","embeddable":true,"href":"https:\/\/corrientesdetarde.com\/index.php\/wp-json\/wp\/v2\/tags?post=101105"}],"curies":[{"name":"wp","href":"https:\/\/api.w.org\/{rel}","templated":true}]}}