{"id":101119,"date":"2023-11-09T10:56:14","date_gmt":"2023-11-09T13:56:14","guid":{"rendered":"https:\/\/corrientesdetarde.com\/?p=101119"},"modified":"2023-11-09T10:56:26","modified_gmt":"2023-11-09T13:56:26","slug":"una-de-las-hijas-de-bruce-willis-conto-que-la-demencia-devasta-la-vida-del-actor-es-realmente-agresiva","status":"publish","type":"post","link":"https:\/\/corrientesdetarde.com\/index.php\/internacionales\/una-de-las-hijas-de-bruce-willis-conto-que-la-demencia-devasta-la-vida-del-actor-es-realmente-agresiva\/","title":{"rendered":"Una de las hijas de Bruce Willis cont\u00f3 que la demencia devasta la vida del actor: \u201cEs realmente agresiva\u201d"},"content":{"rendered":"\n<p><strong>Tallulah Willis<\/strong>, una de las hijas de\u00a0<strong>Bruce Willis<\/strong>\u00a0y\u00a0<strong>Demi Moore<\/strong>, habl\u00f3 en una entrevista televisiva sobre la dif\u00edcil situaci\u00f3n familiar que est\u00e1n teniendo<strong>\u00a0debido a la grave enfermedad que atraviesa su padre<\/strong>.<\/p>\n\n\n\n<p>La joven artista asegur\u00f3 que la demencia frontotemporal que sufre el h\u00e9roe de\u00a0<em><strong>Duro de matar<\/strong><\/em>\u00a0es devastadora para \u00e9l y todo su n\u00facleo de allegados.\u00a0<strong>\u201cEs realmente agresiva\u201d<\/strong>, coment\u00f3.<\/p>\n\n\n\n<h2 class=\"wp-block-heading\">Qu\u00e9 dijo una de las hijas de Bruce Willis sobre la delicada salud de su padre<\/h2>\n\n\n\n<p>En&nbsp;<em>The Drew Barrymore Show<\/em>,&nbsp;<strong>Tallulah Willis explic\u00f3 lo que est\u00e1 viviendo<\/strong>&nbsp;la estrella de Hollywood. \u201c\u00bfQu\u00e9 est\u00e1 pasando con mi pap\u00e1? Tiene una enfermedad cognitiva realmente agresiva, una forma de demencia que es muy rara\u201d, indic\u00f3.<\/p>\n\n\n\n<figure class=\"wp-block-image\"><img decoding=\"async\" src=\"https:\/\/tn.com.ar\/resizer\/CVbC-xM_U9hiUq7a3JwGJU1kbI8=\/767x0\/smart\/filters:format(webp)\/cloudfront-us-east-1.images.arcpublishing.com\/artear\/W2257D4K7VDU5M4QOMEYCQ7A64.jpg\" alt=\"Bruce Willis, junto a las tres hijas que tuvo con Demi Moore. (Foto: Instagram\/demimoore)\"\/><figcaption>Bruce Willis, junto a las tres hijas que tuvo con Demi Moore. (Foto: Instagram\/demimoore)<\/figcaption><\/figure>\n\n\n\n<p>La joven de 29 a\u00f1os, adem\u00e1s, dijo que la situaci\u00f3n de su padre tambi\u00e9n afecta a todos los integrantes del clan y, por eso, salieron a hablar sobre la demencia. \u201cPor un lado, se trata de qui\u00e9nes somos como familia,<strong>&nbsp;pero tambi\u00e9n es muy importante<\/strong>&nbsp;para nosotros crear conciencia porque no hay suficiente informaci\u00f3n disponible\u201d, asegur\u00f3.<\/p>\n\n\n\n<p>La chica afirm\u00f3 que desconoc\u00eda absolutamente que exist\u00eda esta enfermedad. Por eso, una vez que se enter\u00f3, es una de las que m\u00e1s est\u00e1 haciendo para<strong>&nbsp;difundir todo lo que pasa con el padre<\/strong>.<\/p>\n\n\n\n<p>\u201cNo ten\u00eda idea de nada. Lo m\u00e1ximo que puedo hacer es poder tomar algo con lo que estamos luchando como familia e individualmente para ayudar a otras personas a cambiarlo y a<strong>&nbsp;hacer algo hermoso al respecto.<\/strong>&nbsp;Eso es realmente especial para nosotros\u201d, coment\u00f3.<\/p>\n\n\n\n<figure class=\"wp-block-image\"><img decoding=\"async\" src=\"https:\/\/tn.com.ar\/resizer\/pZKqm1oqBnP6x9chPlovxzSQsBU=\/767x0\/smart\/filters:format(webp)\/cloudfront-us-east-1.images.arcpublishing.com\/artear\/7LKULU5FNJAH5IICZB7XXCCQ6Q.jpg\" alt=\"Otra instant\u00e1nea en la que aparece toda la familia de Bruce Willis junta. (Foto: Instagram\/demimoore)\"\/><figcaption>Otra instant\u00e1nea en la que aparece toda la familia de Bruce Willis junta. (Foto: Instagram\/demimoore)<\/figcaption><\/figure>\n\n\n\n<p>Es por eso que&nbsp;<strong>Tallulah se dedica a revisar todas las posesiones de su pap\u00e1<\/strong>, como una especie de homenaje en vida a \u00e9l. \u201cUna forma realmente hermosa de superar esto es convertirme en una arque\u00f3loga de las cosas de mi padre, su mundo, sus peque\u00f1as baratijas y adornos\u201d, explic\u00f3.<\/p>\n\n\n\n<p>Tambi\u00e9n reflexion\u00f3 sobre c\u00f3mo es pasar tiempo con su pap\u00e1 estos d\u00edas y explic\u00f3 que a menudo escuchan m\u00fasica. \u201c<strong>Tocar m\u00fasica y sentarse con esa energ\u00eda de amor<\/strong>, es realmente especial\u201d, dijo.<\/p>\n\n\n\n<p>Cuando se le pregunt\u00f3 sobre el estado actual de salud de su padre,<strong>&nbsp;Tallulah Willis<\/strong>&nbsp;respondi\u00f3: \u201c<strong>\u00c9l es el mismo<\/strong>, y creo que en este sentido aprend\u00ed que es lo mejor que pod\u00e9s pedir. Veo amor cuando estoy con \u00e9l. Es mi pap\u00e1 y me ama\u201d, cerr\u00f3.<\/p>\n","protected":false},"excerpt":{"rendered":"<p>Tallulah Willis, una de las hijas de\u00a0Bruce Willis\u00a0y\u00a0Demi Moore, habl\u00f3 en una entrevista televisiva sobre la dif\u00edcil situaci\u00f3n familiar que est\u00e1n teniendo\u00a0debido a la grave enfermedad que atraviesa su padre.&hellip; <\/p>\n","protected":false},"author":12,"featured_media":101131,"comment_status":"closed","ping_status":"open","sticky":false,"template":"","format":"standard","meta":{"footnotes":""},"categories":[19,11],"tags":[],"class_list":["post-101119","post","type-post","status-publish","format-standard","has-post-thumbnail","hentry","category-espectaculos","category-internacionales"],"_links":{"self":[{"href":"https:\/\/corrientesdetarde.com\/index.php\/wp-json\/wp\/v2\/posts\/101119","targetHints":{"allow":["GET"]}}],"collection":[{"href":"https:\/\/corrientesdetarde.com\/index.php\/wp-json\/wp\/v2\/posts"}],"about":[{"href":"https:\/\/corrientesdetarde.com\/index.php\/wp-json\/wp\/v2\/types\/post"}],"author":[{"embeddable":true,"href":"https:\/\/corrientesdetarde.com\/index.php\/wp-json\/wp\/v2\/users\/12"}],"replies":[{"embeddable":true,"href":"https:\/\/corrientesdetarde.com\/index.php\/wp-json\/wp\/v2\/comments?post=101119"}],"version-history":[{"count":1,"href":"https:\/\/corrientesdetarde.com\/index.php\/wp-json\/wp\/v2\/posts\/101119\/revisions"}],"predecessor-version":[{"id":101132,"href":"https:\/\/corrientesdetarde.com\/index.php\/wp-json\/wp\/v2\/posts\/101119\/revisions\/101132"}],"wp:featuredmedia":[{"embeddable":true,"href":"https:\/\/corrientesdetarde.com\/index.php\/wp-json\/wp\/v2\/media\/101131"}],"wp:attachment":[{"href":"https:\/\/corrientesdetarde.com\/index.php\/wp-json\/wp\/v2\/media?parent=101119"}],"wp:term":[{"taxonomy":"category","embeddable":true,"href":"https:\/\/corrientesdetarde.com\/index.php\/wp-json\/wp\/v2\/categories?post=101119"},{"taxonomy":"post_tag","embeddable":true,"href":"https:\/\/corrientesdetarde.com\/index.php\/wp-json\/wp\/v2\/tags?post=101119"}],"curies":[{"name":"wp","href":"https:\/\/api.w.org\/{rel}","templated":true}]}}