{"id":101120,"date":"2023-11-09T10:58:32","date_gmt":"2023-11-09T13:58:32","guid":{"rendered":"https:\/\/corrientesdetarde.com\/?p=101120"},"modified":"2023-11-09T10:58:44","modified_gmt":"2023-11-09T13:58:44","slug":"taylor-swift-en-argentina-asi-es-el-impactante-vestuario-de-the-eras-tour","status":"publish","type":"post","link":"https:\/\/corrientesdetarde.com\/index.php\/espectaculos\/taylor-swift-en-argentina-asi-es-el-impactante-vestuario-de-the-eras-tour\/","title":{"rendered":"Taylor Swift en Argentina: as\u00ed es el impactante vestuario de \u201cThe Eras Tour\u201d"},"content":{"rendered":"\n<p><strong>Taylor Swift\u00a0<\/strong>pis\u00f3 suelo argentino por primera vez en 17 a\u00f1os de carrera y su llegada revolucion\u00f3 a los medios y a los fan\u00e1ticos, que esperan con ansias la presentaci\u00f3n de<em><strong>\u00a0The Eras Tour<\/strong><\/em>\u00a0en el Estadio M\u00e2s Monumental los d\u00edas 9, 10 y 11 de noviembre. Los\u00a0<em>shows<\/em>, que comenzaron en marzo en Glendale, Estados Unidos, incluyen un\u00a0<strong>vestuario de lujo con 16 cambios.\u00a0<\/strong>Mir\u00e1 todos los detalles de los looks que ahora llegan al pa\u00eds.<\/p>\n\n\n\n<h2 class=\"wp-block-heading\">El body Versace que enamor\u00f3 a los fan\u00e1ticos<\/h2>\n\n\n\n<p>Los 16 cambios de look que usa la cantante durante las tres horas que duran sus conciertos fueron cautelosamente planeados&nbsp;<strong>junto a su estilista Joseph Cassell.&nbsp;<\/strong>Sin dudas, el modelo que m\u00e1s impresion\u00f3 a su p\u00fablico, y que los fan\u00e1ticos argentinos esperan ver en vivo, es un&nbsp;<strong>un corset con escote coraz\u00f3n bordado en lentejuelas azules, rosas y plateadas firmado por&nbsp;<\/strong><em><strong>Versace<\/strong><\/em>.<\/p>\n\n\n\n<figure class=\"wp-block-image\"><img decoding=\"async\" src=\"https:\/\/tn.com.ar\/resizer\/zc5QHETHX5LEozeURNE9ab9XmlI=\/767x0\/smart\/filters:format(webp)\/cloudfront-us-east-1.images.arcpublishing.com\/artear\/WTNRFMRHPFHEXCYTFV65JWS6J4.webp\" alt=\"Taylor Swift con body de brillos de Versace. (Foto: AFP).\"\/><figcaption>Taylor Swift con body de brillos de Versace. (Foto: AFP).<\/figcaption><\/figure>\n\n\n\n<p>El vestuario se completa con unas&nbsp;<strong>medias de red en color&nbsp;<\/strong><em><strong>nude<\/strong><\/em><strong>, botas bucaneras alt\u00edsimas y brillantes&nbsp;<\/strong>y un maquillaje sutil en el que destacan sus&nbsp;<strong>labios rojos y un delineado negro<\/strong>.<\/p>\n\n\n\n<figure class=\"wp-block-image\"><img decoding=\"async\" src=\"https:\/\/tn.com.ar\/resizer\/zk3TLaBVMtMKAEDlsTxP5Vt6UaM=\/767x0\/smart\/filters:format(webp)\/cloudfront-us-east-1.images.arcpublishing.com\/artear\/BSMGYJGPTVAXTPWOEEDW7QZMPE.jpg\" alt=\"Taylor Swift con body Versace de pedrer\u00eda. (Foto: Instagram\/@donatella_versace)\"\/><figcaption>Taylor Swift con body Versace de pedrer\u00eda. (Foto: Instagram\/@donatella_versace)<\/figcaption><\/figure>\n\n\n\n<p><strong>\u201cEst\u00e1s impresionante con Versace. Estoy tan orgullosa de ti\u201d,<\/strong>\u00a0escribi\u00f3 la misma<strong>Donatella Versace<\/strong>, que no dud\u00f3 en compartir que uno de los looks de la cantante pertenece a su exitosa firma tras la primera presentaci\u00f3n de la gira.<\/p>\n\n\n\n<p>En las siguientes fechas, Swift&nbsp;<strong>cambi\u00f3 el corset rosa por uno muy similar pero en celeste y dorado.<\/strong>&nbsp;Los fan\u00e1ticos argentinos enseguida compararon este dise\u00f1o con los&nbsp;<strong>colores de la bandera nacional&nbsp;<\/strong>y se convirti\u00f3 en el look m\u00e1s esperado para sus&nbsp;<em>shows<\/em>&nbsp;en el pa\u00eds.<\/p>\n\n\n\n<figure class=\"wp-block-image\"><img decoding=\"async\" src=\"https:\/\/tn.com.ar\/resizer\/cNfq8nl0f1fvqTNzpmI1yxvMbPg=\/767x0\/smart\/filters:format(webp)\/cloudfront-us-east-1.images.arcpublishing.com\/artear\/NEGATP3Z4ZEUNIHR4JFC2MXBRY.jpg\" alt=\"El body celeste de Versace de Taylor Swift  que los fan\u00e1ticos argentinos esperan ver en el escenario. (Foto: Instagram\/@donatella_versace)\"\/><figcaption>El body celeste de Versace de Taylor Swift que los fan\u00e1ticos argentinos esperan ver en el escenario. (Foto: Instagram\/@donatella_versace)<\/figcaption><\/figure>\n\n\n\n<h2 class=\"wp-block-heading\">Oscar de la Renta: m\u00e1s de 300 horas de trabajo y 5000 cristales<\/h2>\n\n\n\n<p>Siguiendo la misma l\u00ednea de dise\u00f1o, la cantante deslumbr\u00f3 con un<em><strong>body&nbsp;<\/strong><\/em><strong>en total&nbsp;<\/strong><em><strong>black<\/strong><\/em><strong>&nbsp;con flecos y brillos firmado por Oscar de la Renta<\/strong>, otro de los prestigiosos dise\u00f1adores a los cuales la cantante le conf\u00eda sus looks. En este caso, combin\u00f3 la prenda estrella con unas&nbsp;<strong>medias de red en color&nbsp;<\/strong><em><strong>nude&nbsp;<\/strong><\/em>y unas&nbsp;<strong>botas bucaneras de ca\u00f1a alta con taco cuadrado y brillos<\/strong>.<\/p>\n\n\n\n<figure class=\"wp-block-image\"><img decoding=\"async\" src=\"https:\/\/tn.com.ar\/resizer\/fi5GGNuNzcT0UTNNSOQBBmkXf5s=\/767x0\/smart\/filters:format(webp)\/cloudfront-us-east-1.images.arcpublishing.com\/artear\/4LGLF6CFTFHTTKZFVCMOC223Q4.jpg\" alt=\"Taylor Swift con look total black. (Foto: AFP).\"\/><figcaption>Taylor Swift con look total black. (Foto: AFP).<\/figcaption><\/figure>\n\n\n\n<p>El dise\u00f1o, creado en conjunto con los co-directores creativos Laura Kim y Fernando Garc\u00eda,<strong>&nbsp;llev\u00f3 m\u00e1s de 300 horas de trabajo manual y tiene m\u00e1s de 5000 cristales que fueron cosidos a mano<\/strong>, tal como inform\u00f3 la marca desde su cuenta de Instagram oficial.<\/p>\n\n\n\n<p>Por el mismo dise\u00f1ador, tambi\u00e9n se luci\u00f3 con un&nbsp;<strong>mini vestido lila plagado de brillos&nbsp;<\/strong>que complement\u00f3 con un&nbsp;<strong>abrigo de piel sint\u00e9tica de alto invierno del mismo tono<\/strong>. Como toque final, se puso unas botas bucaneras negras con brillos.<\/p>\n\n\n\n<figure class=\"wp-block-image\"><img decoding=\"async\" src=\"https:\/\/tn.com.ar\/resizer\/GMJCcJaAoV7zJkKEmeJ5TRINidQ=\/767x0\/smart\/filters:format(webp)\/cloudfront-us-east-1.images.arcpublishing.com\/artear\/O5Q6C5VLH5EMFJ62NWZ2O46NSI.jpg\" alt=\"Taylor Swift, con brillos y piel por Oscar de la Renta. (Foto: Instagram\/@oscardelarenta).\"\/><figcaption>Taylor Swift, con brillos y piel por Oscar de la Renta. (Foto: Instagram\/@oscardelarenta).<\/figcaption><\/figure>\n\n\n\n<h2 class=\"wp-block-heading\">Roberto Cavalli y Fausto Puglisi sumaron vestuario<\/h2>\n\n\n\n<p>El vestuario incluye tambi\u00e9n piezas del dise\u00f1ador italiano&nbsp;<strong>Roberto Cavalli<\/strong>. Una de sus creaciones para la gira es un&nbsp;<em><strong>catsuit<\/strong><\/em><strong>&nbsp;asim\u00e9trico de ecocuero con un dibujo de serpiente en color rojo con lentejuelas y brillos y secciones con transparencias<\/strong>.<\/p>\n\n\n\n<figure class=\"wp-block-image\"><img decoding=\"async\" src=\"https:\/\/tn.com.ar\/resizer\/289YohF7KsGi6WjlX2dOXZj8c0Q=\/767x0\/smart\/filters:format(webp)\/cloudfront-us-east-1.images.arcpublishing.com\/artear\/7RPF5SJSTRDONI43TCN4BZOUWY.jpg\" alt=\"El look asim\u00e9trico de Taylor Swift. (Foto: AFP).\"\/><figcaption>El look asim\u00e9trico de Taylor Swift. (Foto: AFP).<\/figcaption><\/figure>\n\n\n\n<p>\u00bfOtro de los looks que llev\u00f3 firmado por el dise\u00f1ador? Un<strong>&nbsp;mini vestido con flecos en color color dorado plagado de brillos y destellos<\/strong>. En todos sus shows, lo combin\u00f3 con bucaneras plateadas de ca\u00f1a alta.<\/p>\n\n\n\n<figure class=\"wp-block-image\"><img decoding=\"async\" src=\"https:\/\/tn.com.ar\/resizer\/jFysTaGh8FIK2GaAg5fN9YjRHu0=\/767x0\/smart\/filters:format(webp)\/cloudfront-us-east-1.images.arcpublishing.com\/artear\/RKXQM3YZHVA5TO2MXWTURWGVKI.jpg\" alt=\"Taylor Swift con look por Roberto Cavalli. (Foto: Instagram\/@faustopuglisi).\"\/><figcaption>Taylor Swift con look por Roberto Cavalli. (Foto: Instagram\/@faustopuglisi).<\/figcaption><\/figure>\n\n\n\n<p>De la mano del director creativo de la firma,<strong>&nbsp;Fausto Puglisi,<\/strong>&nbsp;la artista se luce un conjunto de dos piezas de&nbsp;<em><strong>crop top&nbsp;<\/strong><\/em><strong>y minifalda con un peque\u00f1o tajo en el lateral derecho<\/strong>. Ambas prendas bordadas enteramente con&nbsp;<strong>cristales Swarovski en tonos bord\u00f3, negro y rosado<\/strong>.<\/p>\n\n\n\n<figure class=\"wp-block-image\"><img decoding=\"async\" src=\"https:\/\/tn.com.ar\/resizer\/6LOwZtSpOoBowyNsXPb5nwjACU4=\/767x0\/smart\/filters:format(webp)\/cloudfront-us-east-1.images.arcpublishing.com\/artear\/5PHAPZKXQBD4XKSGAOIUAYI5KU.jpg\" alt=\"Taylor Swift y su conjunto de top y minifalda en The Eras Tour. (Foto: AFP).\"\/><figcaption>Taylor Swift y su conjunto de top y minifalda en The Eras Tour. (Foto: AFP).<\/figcaption><\/figure>\n\n\n\n<p>En la cuenta regresiva para sus primeros shows en Buenos Aires,\u00a0<strong>Taylor Swift<\/strong>\u00a0genera expectativa antes de subirse al escenario y desplegar estilo.<\/p>\n","protected":false},"excerpt":{"rendered":"<p>Taylor Swift\u00a0pis\u00f3 suelo argentino por primera vez en 17 a\u00f1os de carrera y su llegada revolucion\u00f3 a los medios y a los fan\u00e1ticos, que esperan con ansias la presentaci\u00f3n de\u00a0The&hellip; <\/p>\n","protected":false},"author":12,"featured_media":101134,"comment_status":"closed","ping_status":"open","sticky":false,"template":"","format":"standard","meta":{"footnotes":""},"categories":[19],"tags":[],"class_list":["post-101120","post","type-post","status-publish","format-standard","has-post-thumbnail","hentry","category-espectaculos"],"_links":{"self":[{"href":"https:\/\/corrientesdetarde.com\/index.php\/wp-json\/wp\/v2\/posts\/101120","targetHints":{"allow":["GET"]}}],"collection":[{"href":"https:\/\/corrientesdetarde.com\/index.php\/wp-json\/wp\/v2\/posts"}],"about":[{"href":"https:\/\/corrientesdetarde.com\/index.php\/wp-json\/wp\/v2\/types\/post"}],"author":[{"embeddable":true,"href":"https:\/\/corrientesdetarde.com\/index.php\/wp-json\/wp\/v2\/users\/12"}],"replies":[{"embeddable":true,"href":"https:\/\/corrientesdetarde.com\/index.php\/wp-json\/wp\/v2\/comments?post=101120"}],"version-history":[{"count":1,"href":"https:\/\/corrientesdetarde.com\/index.php\/wp-json\/wp\/v2\/posts\/101120\/revisions"}],"predecessor-version":[{"id":101135,"href":"https:\/\/corrientesdetarde.com\/index.php\/wp-json\/wp\/v2\/posts\/101120\/revisions\/101135"}],"wp:featuredmedia":[{"embeddable":true,"href":"https:\/\/corrientesdetarde.com\/index.php\/wp-json\/wp\/v2\/media\/101134"}],"wp:attachment":[{"href":"https:\/\/corrientesdetarde.com\/index.php\/wp-json\/wp\/v2\/media?parent=101120"}],"wp:term":[{"taxonomy":"category","embeddable":true,"href":"https:\/\/corrientesdetarde.com\/index.php\/wp-json\/wp\/v2\/categories?post=101120"},{"taxonomy":"post_tag","embeddable":true,"href":"https:\/\/corrientesdetarde.com\/index.php\/wp-json\/wp\/v2\/tags?post=101120"}],"curies":[{"name":"wp","href":"https:\/\/api.w.org\/{rel}","templated":true}]}}