{"id":101122,"date":"2023-11-09T10:49:08","date_gmt":"2023-11-09T13:49:08","guid":{"rendered":"https:\/\/corrientesdetarde.com\/?p=101122"},"modified":"2023-11-09T10:56:39","modified_gmt":"2023-11-09T13:56:39","slug":"julieta-poggio-eligio-un-corset-xs-y-micromini-para-salir-a-cenar-en-la-noche-portena","status":"publish","type":"post","link":"https:\/\/corrientesdetarde.com\/index.php\/espectaculos\/julieta-poggio-eligio-un-corset-xs-y-micromini-para-salir-a-cenar-en-la-noche-portena\/","title":{"rendered":"Julieta Poggio eligi\u00f3 un corset XS y micromini para salir a cenar en la noche porte\u00f1a"},"content":{"rendered":"\n<p>No es ninguna novedad que\u00a0<strong>Julieta Poggio<\/strong>\u00a0es amante de la moda y las tendencias. La joven de 21 a\u00f1os arras\u00f3 con sus looks dentro de la casa de \u201c<strong>Gran Hermano<\/strong>\u201d y ahora, afuera del\u00a0<em>reality show<\/em>, contin\u00faa imponiendo estilo con las apuestas<em>\u00a0fashionistas\u00a0<\/em>que comparte en sus redes sociales.<\/p>\n\n\n\n<p>En sus historias de\u00a0<strong>Instagram<\/strong>, la<em>\u00a0it girl\u00a0<\/em>del momentocomparti\u00f3 su look elegido para salir a cenar en la noche porte\u00f1a. Canchera como ella sola sabe serlo, se luci\u00f3 con la f\u00f3rmula que es furor entre las famosas de la actualidad:<strong>\u00a0corset y minifalda cintur\u00f3n<\/strong>.<\/p>\n\n\n\n<p>\u00bfLos detalles del look? Se trata de un&nbsp;<strong>corset plateado metalizado con ballenas, botones de metal y cinto incluido<\/strong>. Para la parte inferior, eligi\u00f3 una&nbsp;<strong>minifalda tipo cintur\u00f3n diminuta confeccionada en denim celeste con apliques de tachas plateadas<\/strong>. Complet\u00f3 el equipo con una cartera al hombro tipo<em>&nbsp;minibag<\/em>&nbsp;blanca.<\/p>\n\n\n\n<figure class=\"wp-block-image\"><img decoding=\"async\" src=\"https:\/\/tn.com.ar\/resizer\/mmC4faBEM2miT--CjcBO2NqOCXI=\/767x0\/smart\/filters:format(webp)\/cloudfront-us-east-1.images.arcpublishing.com\/artear\/7D5UZPO42RB23NQGSYPH2LNU7Q.jpg\" alt=\"Julieta Poggio con look de noche. (Foto: Instagram\/@poggiojulieta).\"\/><figcaption>Julieta Poggio con look de noche. (Foto: Instagram\/@poggiojulieta).<\/figcaption><\/figure>\n\n\n\n<p>Fiel a su estilo\u00a0<em>glamouroso<\/em>\u00a0y chic, acompa\u00f1\u00f3 el vestuario con un\u00a0<em>beauty look\u00a0<\/em>de alto impacto. Luci\u00f3 un<em>\u00a0make up<\/em>\u00a0megarrecargado a base de\u00a0<strong>sombras en tonalidades\u00a0<\/strong><em><strong>nude<\/strong><\/em>\u00a0que complement\u00f3 con m\u00e1scara de pesta\u00f1as en total<em>\u00a0black<\/em>\u00a0y un megadelineado estilo\u00a0<em>cat eye<\/em>\u00a0en negro azabache. Sum\u00f3 tambi\u00e9n al maquillaje algo de rubor rosado en las mejillas, iluminadores en ciertas partes de la cara y un\u00a0<strong>labial bord\u00f3 con acabado brilloso<\/strong>.<\/p>\n\n\n\n<h2 class=\"wp-block-heading\">Julieta Poggio se lanz\u00f3 como vedette y arras\u00f3 con su look<\/h2>\n\n\n\n<p>En las \u00faltimas horas, la<em>&nbsp;influencer&nbsp;<\/em>volvi\u00f3 a arrasar en su perfil oficial de<strong>&nbsp;Instagram<\/strong>&nbsp;tras compartir una novedad en cuanto a su carrera art\u00edstica. La actriz y bailarina&nbsp;<strong>se lanz\u00f3 como vedette&nbsp;<\/strong>en una obra de teatro y deslumbr\u00f3 con su apuesta de moda a pura&nbsp;<strong>sensualidad y audacia<\/strong>.<\/p>\n\n\n\n<p>Para la c\u00e1mara, la bailarina (que hoy deslumbra con su talento en Fuerza Bruta) se luci\u00f3 con un conjunto de&nbsp;<strong>ropa interior en color carne con todo tipo de apliques de brillos y pedrer\u00eda en plateado, dorado y ocre<\/strong>. \u00bfLos detalles? El corpi\u00f1o es<strong>&nbsp;ovalado y tipo taza<\/strong>&nbsp;y cuenta con un enorme&nbsp;<strong>diamante circular en el delantero de la pieza<\/strong>. La bombacha, en tanto, es&nbsp;<strong>de tiro bajo y cuenta con un cinto cosido<\/strong>&nbsp;por encima.<\/p>\n\n\n\n<figure class=\"wp-block-image\"><img decoding=\"async\" src=\"https:\/\/tn.com.ar\/resizer\/mGnfC_Mbux-gDeHBOJEET9JSeJw=\/767x0\/smart\/filters:format(webp)\/cloudfront-us-east-1.images.arcpublishing.com\/artear\/2N6KRKBNP5GS5KDEGFYK3CV36E.jpg\" alt=\"Julieta Poggio se lanz\u00f3 como vedette. (Foto: Instagram\/@poggiojulieta).\"\/><figcaption>Julieta Poggio se lanz\u00f3 como vedette. (Foto: Instagram\/@poggiojulieta).<\/figcaption><\/figure>\n\n\n\n<p>Para el calzado, eligi\u00f3 un par de&nbsp;<strong>botas de gamuza en total&nbsp;<\/strong><em><strong>black<\/strong><\/em><strong>&nbsp;con abertura en el delantero, taco aguja y corona de perlas incluida en la capellada<\/strong>.<\/p>\n\n\n\n<p>Por supuesto, acompa\u00f1\u00f3 el estilismo con un<em>&nbsp;beauty look<\/em>&nbsp;acorde a la ocasi\u00f3n. Llev\u00f3 los ojos maquillados con un&nbsp;<strong>delineado estilo&nbsp;<\/strong><em><strong>cat eye<\/strong><\/em><strong>&nbsp;en total&nbsp;<\/strong><em><strong>black<\/strong><\/em>&nbsp;que combin\u00f3 con&nbsp;<strong>sombras en tonalidades tierra para la zona de los p\u00e1rpados&nbsp;<\/strong>y m\u00e1scara de pesta\u00f1as en negro azabache. Sum\u00f3 al maquillaje algo de rubor rosado en las mejillas, iluminadores en ciertas partes de la cara y un&nbsp;<strong>labial rojo oscuro con acabado mate<\/strong>.<\/p>\n\n\n\n<figure class=\"wp-block-image\"><img decoding=\"async\" src=\"https:\/\/tn.com.ar\/resizer\/ybxahU_EFXqFcnf1I_SC5BRg4mo=\/767x0\/smart\/filters:format(webp)\/cloudfront-us-east-1.images.arcpublishing.com\/artear\/AK2AHOTUR5GLVASJNFC73QICOI.jpg\" alt=\"Julieta Poggio pos\u00f3 en lencer\u00eda color carne. (Foto: Instagram\/@poggiojulieta).\"\/><figcaption>Julieta Poggio pos\u00f3 en lencer\u00eda color carne. (Foto: Instagram\/@poggiojulieta).<\/figcaption><\/figure>\n\n\n\n<p>Un&nbsp;<em>hairstyle<\/em>&nbsp;de&nbsp;<strong>pelo suelto con ondas naturales<\/strong>&nbsp;y una enorme<strong>&nbsp;corona de reina plateada con brillos&nbsp;<\/strong>terminaron por completar el total look que, sin dudas, dej\u00f3 impactados a sus 2,7 millones de seguidores de la aplicaci\u00f3n de fotos.<\/p>\n\n\n\n<p><strong>Seguinos en @estilotn y enterate de todo lo nuevo en moda y belleza.<\/strong><\/p>\n","protected":false},"excerpt":{"rendered":"<p>No es ninguna novedad que\u00a0Julieta Poggio\u00a0es amante de la moda y las tendencias. La joven de 21 a\u00f1os arras\u00f3 con sus looks dentro de la casa de \u201cGran Hermano\u201d y&hellip; <\/p>\n","protected":false},"author":12,"featured_media":101124,"comment_status":"closed","ping_status":"open","sticky":false,"template":"","format":"standard","meta":{"footnotes":""},"categories":[19],"tags":[],"class_list":["post-101122","post","type-post","status-publish","format-standard","has-post-thumbnail","hentry","category-espectaculos"],"_links":{"self":[{"href":"https:\/\/corrientesdetarde.com\/index.php\/wp-json\/wp\/v2\/posts\/101122","targetHints":{"allow":["GET"]}}],"collection":[{"href":"https:\/\/corrientesdetarde.com\/index.php\/wp-json\/wp\/v2\/posts"}],"about":[{"href":"https:\/\/corrientesdetarde.com\/index.php\/wp-json\/wp\/v2\/types\/post"}],"author":[{"embeddable":true,"href":"https:\/\/corrientesdetarde.com\/index.php\/wp-json\/wp\/v2\/users\/12"}],"replies":[{"embeddable":true,"href":"https:\/\/corrientesdetarde.com\/index.php\/wp-json\/wp\/v2\/comments?post=101122"}],"version-history":[{"count":2,"href":"https:\/\/corrientesdetarde.com\/index.php\/wp-json\/wp\/v2\/posts\/101122\/revisions"}],"predecessor-version":[{"id":101133,"href":"https:\/\/corrientesdetarde.com\/index.php\/wp-json\/wp\/v2\/posts\/101122\/revisions\/101133"}],"wp:featuredmedia":[{"embeddable":true,"href":"https:\/\/corrientesdetarde.com\/index.php\/wp-json\/wp\/v2\/media\/101124"}],"wp:attachment":[{"href":"https:\/\/corrientesdetarde.com\/index.php\/wp-json\/wp\/v2\/media?parent=101122"}],"wp:term":[{"taxonomy":"category","embeddable":true,"href":"https:\/\/corrientesdetarde.com\/index.php\/wp-json\/wp\/v2\/categories?post=101122"},{"taxonomy":"post_tag","embeddable":true,"href":"https:\/\/corrientesdetarde.com\/index.php\/wp-json\/wp\/v2\/tags?post=101122"}],"curies":[{"name":"wp","href":"https:\/\/api.w.org\/{rel}","templated":true}]}}