{"id":101139,"date":"2023-11-09T11:22:30","date_gmt":"2023-11-09T14:22:30","guid":{"rendered":"https:\/\/corrientesdetarde.com\/?p=101139"},"modified":"2023-11-09T11:56:51","modified_gmt":"2023-11-09T14:56:51","slug":"valdes-voy-a-votar-positivamente-con-la-esperanza-de-un-cambio","status":"publish","type":"post","link":"https:\/\/corrientesdetarde.com\/index.php\/informacion-general\/valdes-voy-a-votar-positivamente-con-la-esperanza-de-un-cambio\/","title":{"rendered":"Vald\u00e9s: &#8220;Voy a votar positivamente con la esperanza de un cambio&#8221;"},"content":{"rendered":"\n<p>El Gobernador habl\u00f3 con un canal de alcance nacional y se diferenci\u00f3 de la postura de su par juje\u00f1o, Gerardo Morales, quien dijo que si gana Milei las provincias no podr\u00e1n pagar sueldos. Asegur\u00f3 el cumplimiento salarial y tambi\u00e9n dijo que habr\u00e1 reclamo judicial por coparticipaci\u00f3n.<\/p>\n\n\n\n<p>Vald\u00e9s volvi\u00f3 a mostrarse con postura pol\u00edtica propia de cara a la segunda vuelta del pr\u00f3ximo 19 de noviembre en que se elegir\u00e1 al nuevo presidente. Casi expl\u00edcitamente dej\u00f3 en claro su decisi\u00f3n personal de apoyo a uno de los dos candidatos en disputa, Sergio Massa y Javier Milei, aunque volvi\u00f3 a jugar con un mensaje entre solapado y cuasi expl\u00edcito, de no ser por un par de palabras que estaban ah\u00ed, t\u00e1citas.<\/p>\n\n\n\n<p>Lo cierto es que a 12 d\u00edas del balotaje, Vald\u00e9s fue entrevistado ayer por un canal televisivo de alcance nacional y se expres\u00f3 al respecto como hace rato no lo hac\u00eda. &#8220;Me parece que este Gobierno nacional no est\u00e1 haciendo las cosas bien. Por eso no vot\u00e9 ni trabaj\u00e9 para este gobierno. Y ahora vamos a votar a conciencia para poder cambiar la Argentina e ir por mejor camino&#8221;, dijo en la charla telef\u00f3nica con La Naci\u00f3n+.<\/p>\n\n\n\n<p>En este marco, el Mandatario correntino remarc\u00f3: &#8220;Voy a votar positivamente por uno de los dos candidatos, pero sin dudas lo voy a hacer con la convicci\u00f3n y la esperanza de que Argentina tenga un futuro venturoso para todos&#8221;.<\/p>\n\n\n\n<p>&#8220;\u00bfCon cambio?&#8221;, le pregunt\u00f3 r\u00e1pido de reflejos su interlocutor, el periodista Pablo Rossi. Y Vald\u00e9s respondi\u00f3 sin demoras: &#8220;Por supuesto, tenemos que cambiar la Rep\u00fablica Argentina&#8221;.<\/p>\n\n\n\n<p>A continuaci\u00f3n complet\u00f3 ya con una pizca de ambig\u00fcedad: &#8220;Ning\u00fan presidente que asuma no puede hacer otra cosa que cambiar. Porque lo que estamos viviendo hoy es un desastre&#8221;.<\/p>\n\n\n\n<p>En el inicio de la entrevista, el Gobernador hab\u00eda brindado un breve informe de la situaci\u00f3n de la provincia ante la creciente del r\u00edo Paran\u00e1 que afecta a varias localidades ribere\u00f1as. Luego, entr\u00f3 de lleno al camino del balotaje presidencial. Pero como contexto y centr\u00e1ndose (la pregunta) en los dichos de su par juje\u00f1o Gerardo Morales, tambi\u00e9n actual presidente de la UCR Nacional: &#8220;Si gana Milei no vamos a poder pagar los sueldos a los empleados p\u00fablicos en enero, febrero, marzo y abril, por lo menos&#8221;.<\/p>\n\n\n\n<p>Vald\u00e9s, discrep\u00f3 con Morales: &#8220;No, nosotros vamos a pagar los sueldos de la Provincia y tenemos garantizada la coparticipaci\u00f3n por Constituci\u00f3n. Por eso, ante esta rebaja que le meti\u00f3 Sergio Massa a la coparticipaci\u00f3n de todas las provincias, estamos preparando \u0096conjuntamente- con Mendoza demandas que vamos a presentar a la Corte para que restituyan esos fondos que unilateralmente no lo puede afectar Naci\u00f3n. Porque son fondos tanto nacionales como provinciales, por lo tanto vamos a reclamar nuestros derechos&#8221;, anunci\u00f3 el Mandatario correntino.<\/p>\n\n\n\n<p>&#8220;\u00bfEst\u00e1 entonces en desacuerdo con Morales?&#8221;, insisti\u00f3 Rossi. &#8220;No, no\u0085 No estoy de acuerdo con eso. Si el radicalismo decidi\u00f3 neutralidad, despu\u00e9s, individualmente, seguramente cada uno (de sus integrantes) tendr\u00e1 su voto, pero en mi caso no voy a hacer campa\u00f1a activa para ning\u00fan candidato&#8221;, asegur\u00f3 Vald\u00e9s.<\/p>\n\n\n\n<p>Tras insistir con la pregunta sobre la postura de Morales y el contraste con la suya, el Gobernador respondi\u00f3: &#8220;Bueno&#8230; dijo (Morales) que iba a hacer todo lo posible para que no gane Milei&#8221;.<\/p>\n\n\n\n<p>En este sentido, el correntino explic\u00f3: &#8220;Yo lo que digo es que nosotros trabajamos para el cambio. El trabajo que hicimos para cambiar la Argentina fue enorme porque justamente no coincidimos con este gobierno. Nuestra propuesta de cambio no lleg\u00f3, pero es responsabilidad de los que pensamos que la Argentina debe cambiar, seguir trabajando para tener un pa\u00eds diferente&#8221;.<\/p>\n\n\n\n<p>&#8220;M\u00e1s all\u00e1 de lo que pase en esta elecci\u00f3n creo que debemos seguir trabajando pol\u00edticamente. No termina la Argentina con una elecci\u00f3n, pero tenemos una enorme oportunidad para cambiar el pa\u00eds&#8221;, reiter\u00f3.<\/p>\n\n\n\n<p>Posteriormente se le consult\u00f3 sobre la compensaci\u00f3n a la quita de Ganancias que, seg\u00fan Morales, acord\u00f3 con Massa. &#8220;\u00bfEn calidad de qu\u00e9 tiene Morales ese acuerdo con Massa?&#8221;, fue la pregunta concreta.<\/p>\n\n\n\n<p>&#8220;Sergio Massa hizo una promesa de que va a devolver con el Impuesto al Cheque. Pero siempre es una promesa. No creo en las promesas de Sergio Massa: ha prometido mucho y no ha cumplido&#8221;, sostuvo. &#8220;Por lo tanto \u0096continu\u00f3-, no necesito que me prometa Sergio Massa ni ning\u00fan candidato a Presidente de la Naci\u00f3n. Lo que debemos apuntar es en tener institucionalidad. Lo que nos tiene que garantizar a las provincias y los ciudadanos es la ley. Es la garant\u00eda de todo&#8221;, remarc\u00f3.<\/p>\n\n\n\n<p>Por otra parte, advirti\u00f3 sobre un problema central en la econom\u00eda argentina y el impacto de medidas tomadas por el Gobierno nacional. &#8220;Es la inflaci\u00f3n la que nos est\u00e1 dejando a todos en la lona. Cada vez tenemos menos ingresos y cada vez estamos emitiendo m\u00e1s recursos, con los planes del Gobierno nacional, el \u0091plan platita\u0092 o \u0091plan platota\u0092. Son recursos de todos los argentinos que est\u00e1n siendo utilizados para tratar de coartar el voto&#8221;, remarc\u00f3.<\/p>\n\n\n\n<p>&#8220;Lo que necesitamos son pol\u00edticas p\u00fablicas claras, que est\u00e9n destinadas a mejorar nuestra moneda, bajar la inflaci\u00f3n, mejorar la productividad y que los argentinos tengamos una visi\u00f3n de futuro y esperanza. Me parece que este Gobierno no est\u00e1 haciendo las cosas bien&#8221;, afirm\u00f3 sobre el final.<\/p>\n","protected":false},"excerpt":{"rendered":"<p>El Gobernador habl\u00f3 con un canal de alcance nacional y se diferenci\u00f3 de la postura de su par juje\u00f1o, Gerardo Morales, quien dijo que si gana Milei las provincias no&hellip; <\/p>\n","protected":false},"author":3,"featured_media":101140,"comment_status":"closed","ping_status":"open","sticky":false,"template":"","format":"standard","meta":{"footnotes":""},"categories":[1],"tags":[],"class_list":["post-101139","post","type-post","status-publish","format-standard","has-post-thumbnail","hentry","category-informacion-general"],"_links":{"self":[{"href":"https:\/\/corrientesdetarde.com\/index.php\/wp-json\/wp\/v2\/posts\/101139","targetHints":{"allow":["GET"]}}],"collection":[{"href":"https:\/\/corrientesdetarde.com\/index.php\/wp-json\/wp\/v2\/posts"}],"about":[{"href":"https:\/\/corrientesdetarde.com\/index.php\/wp-json\/wp\/v2\/types\/post"}],"author":[{"embeddable":true,"href":"https:\/\/corrientesdetarde.com\/index.php\/wp-json\/wp\/v2\/users\/3"}],"replies":[{"embeddable":true,"href":"https:\/\/corrientesdetarde.com\/index.php\/wp-json\/wp\/v2\/comments?post=101139"}],"version-history":[{"count":2,"href":"https:\/\/corrientesdetarde.com\/index.php\/wp-json\/wp\/v2\/posts\/101139\/revisions"}],"predecessor-version":[{"id":101163,"href":"https:\/\/corrientesdetarde.com\/index.php\/wp-json\/wp\/v2\/posts\/101139\/revisions\/101163"}],"wp:featuredmedia":[{"embeddable":true,"href":"https:\/\/corrientesdetarde.com\/index.php\/wp-json\/wp\/v2\/media\/101140"}],"wp:attachment":[{"href":"https:\/\/corrientesdetarde.com\/index.php\/wp-json\/wp\/v2\/media?parent=101139"}],"wp:term":[{"taxonomy":"category","embeddable":true,"href":"https:\/\/corrientesdetarde.com\/index.php\/wp-json\/wp\/v2\/categories?post=101139"},{"taxonomy":"post_tag","embeddable":true,"href":"https:\/\/corrientesdetarde.com\/index.php\/wp-json\/wp\/v2\/tags?post=101139"}],"curies":[{"name":"wp","href":"https:\/\/api.w.org\/{rel}","templated":true}]}}