{"id":101155,"date":"2023-11-09T11:53:20","date_gmt":"2023-11-09T14:53:20","guid":{"rendered":"https:\/\/corrientesdetarde.com\/?p=101155"},"modified":"2023-11-09T11:53:31","modified_gmt":"2023-11-09T14:53:31","slug":"una-mama-noto-que-su-beba-de-8-dias-tenia-la-piel-amarilla-y-sin-saberlo-le-salvo-la-vida-algo-estaba-mal","status":"publish","type":"post","link":"https:\/\/corrientesdetarde.com\/index.php\/internacionales\/una-mama-noto-que-su-beba-de-8-dias-tenia-la-piel-amarilla-y-sin-saberlo-le-salvo-la-vida-algo-estaba-mal\/","title":{"rendered":"Una mam\u00e1 not\u00f3 que su beba de 8 d\u00edas ten\u00eda la piel amarilla y sin saberlo le salv\u00f3 la vida: \u201cAlgo estaba mal\u201d"},"content":{"rendered":"\n<p>Una madre estadounidense se preocup\u00f3 cuando se dio cuenta de algunos extra\u00f1os s\u00edntomas que sufr\u00eda su hija de ocho d\u00edas, Maddison. \u201c<strong>Sostuve a mi beb\u00e9 en brazos y me di cuenta de que podr\u00eda morir<\/strong>\u201d, confes\u00f3 en una publicaci\u00f3n de Instagram de&nbsp;<strong>Tiny Hearts Education<\/strong>, un sitio web de expertos en primeros auxilios.<\/p>\n\n\n\n<p>Gracias a que la mujer advirtiera las se\u00f1ales, llev\u00f3 a Maddie de urgencia al hospital y los especialistas le diagnosticaron una\u00a0<strong>terrible<\/strong>\u00a0<strong>enfermedad<\/strong>. Sin embargo, el inquietante detalle que not\u00f3 a tiempo, le salv\u00f3 la vida.<\/p>\n\n\n\n<p>\u201c<strong>Me di cuenta de algo no estaba bien<\/strong>\u201d, expres\u00f3 la madre al momento de alzar a su hija que se encontraba en su octavo d\u00eda de vida. Al principio, no hab\u00eda un s\u00edntoma espec\u00edfico que pod\u00eda revelar lo que suced\u00eda, pero sus padres estaban seguros de que algo no era normal.<\/p>\n\n\n\n<p>Con el pasar de los d\u00edas, ella se dio cuenta de que la\u00a0<strong>ictericia\u00a0<\/strong>de Maddison hab\u00eda empezado a empeorar. Si bien es normal que al principio los ojos y la piel del beb\u00e9 se muestren de un<strong>\u00a0color amarillento<\/strong>, se espera que en un lapso de una o dos semanas, se vaya de a poco.<\/p>\n\n\n\n<figure class=\"wp-block-image\"><img decoding=\"async\" src=\"https:\/\/tn.com.ar\/resizer\/MrMmp376T8nTxC6vGxlPgcxT188=\/767x0\/smart\/filters:format(webp)\/cloudfront-us-east-1.images.arcpublishing.com\/artear\/CT3LSDF6YNDFJKUTAOGOUEHWJA.png\" alt=\"Maddison fue diagnosticada con meningitis viral y se salv\u00f3 gracias a las se\u00f1ales que su madre supo ver. (Foto: Pexels)\"\/><figcaption>Maddison fue diagnosticada con meningitis viral y se salv\u00f3 gracias a las se\u00f1ales que su madre supo ver. (Foto: Pexels)<\/figcaption><\/figure>\n\n\n\n<p>Sin embargo, la nena dorm\u00eda m\u00e1s de lo esperado y la herida del cord\u00f3n umbilical parec\u00eda estar irritada. A pesar de ello, no presentaba fiebre u otros s\u00edntomas. \u201c<strong>No parec\u00eda muy mal, pero simplemente no estaba bien y quer\u00eda que la revisaran<\/strong>\u201d, escribi\u00f3 la madre, quien habl\u00f3 con su marido para que la llevaran a una consulta con su m\u00e9dico de cabecera.<\/p>\n\n\n\n<p>Repentinamente, Maddie levant\u00f3 fiebre y sus padres la llevaron de urgencia al hospital. All\u00ed, los m\u00e9dicos comenzaron a buscar signos de sepsis y la sometieron a varios estudios. Despu\u00e9s de un rato sin encontrar respuestas, le hicieron una\u00a0<strong>punci\u00f3n lumbar\u00a0<\/strong>para tomar una muestra de l\u00edquido de la m\u00e9dula espinal. El diagn\u00f3stico era definitivo: la nena ten\u00eda\u00a0<strong>meningitis<\/strong>.<\/p>\n\n\n\n<p>\u201cNo creo que nada pueda prepararte como padre para recibir una noticia tan devastadora\u201d, confes\u00f3 la mujer. Durante cinco d\u00edas, los padres esperaron por los resultados del estudio y, afortunadamente, les confirmaron que se trataba de una\u00a0<strong>meningitis viral<\/strong>, menos grave que la bacteriana, y que era algo leve.<\/p>\n\n\n\n<p>\u201cUna cosa que me llam\u00f3 la atenci\u00f3n fue que el equipo sigui\u00f3 elogi\u00e1ndonos por haber llegado cuando lo hicimos y se tom\u00f3 en serio mis&nbsp;<strong>preocupaciones&nbsp;<\/strong>y mis&nbsp;<strong>instintos maternales<\/strong>\u201d, agreg\u00f3 ella. A pesar del susto, Maddison se recuper\u00f3 y ya se encuentra fuera de peligro.<\/p>\n","protected":false},"excerpt":{"rendered":"<p>Una madre estadounidense se preocup\u00f3 cuando se dio cuenta de algunos extra\u00f1os s\u00edntomas que sufr\u00eda su hija de ocho d\u00edas, Maddison. \u201cSostuve a mi beb\u00e9 en brazos y me di&hellip; <\/p>\n","protected":false},"author":12,"featured_media":101158,"comment_status":"closed","ping_status":"open","sticky":false,"template":"","format":"standard","meta":{"footnotes":""},"categories":[11],"tags":[],"class_list":["post-101155","post","type-post","status-publish","format-standard","has-post-thumbnail","hentry","category-internacionales"],"_links":{"self":[{"href":"https:\/\/corrientesdetarde.com\/index.php\/wp-json\/wp\/v2\/posts\/101155","targetHints":{"allow":["GET"]}}],"collection":[{"href":"https:\/\/corrientesdetarde.com\/index.php\/wp-json\/wp\/v2\/posts"}],"about":[{"href":"https:\/\/corrientesdetarde.com\/index.php\/wp-json\/wp\/v2\/types\/post"}],"author":[{"embeddable":true,"href":"https:\/\/corrientesdetarde.com\/index.php\/wp-json\/wp\/v2\/users\/12"}],"replies":[{"embeddable":true,"href":"https:\/\/corrientesdetarde.com\/index.php\/wp-json\/wp\/v2\/comments?post=101155"}],"version-history":[{"count":1,"href":"https:\/\/corrientesdetarde.com\/index.php\/wp-json\/wp\/v2\/posts\/101155\/revisions"}],"predecessor-version":[{"id":101159,"href":"https:\/\/corrientesdetarde.com\/index.php\/wp-json\/wp\/v2\/posts\/101155\/revisions\/101159"}],"wp:featuredmedia":[{"embeddable":true,"href":"https:\/\/corrientesdetarde.com\/index.php\/wp-json\/wp\/v2\/media\/101158"}],"wp:attachment":[{"href":"https:\/\/corrientesdetarde.com\/index.php\/wp-json\/wp\/v2\/media?parent=101155"}],"wp:term":[{"taxonomy":"category","embeddable":true,"href":"https:\/\/corrientesdetarde.com\/index.php\/wp-json\/wp\/v2\/categories?post=101155"},{"taxonomy":"post_tag","embeddable":true,"href":"https:\/\/corrientesdetarde.com\/index.php\/wp-json\/wp\/v2\/tags?post=101155"}],"curies":[{"name":"wp","href":"https:\/\/api.w.org\/{rel}","templated":true}]}}