{"id":10126,"date":"2022-10-11T05:54:51","date_gmt":"2022-10-11T08:54:51","guid":{"rendered":"https:\/\/corrientesdetarde.com\/?p=10126"},"modified":"2022-10-11T05:54:54","modified_gmt":"2022-10-11T08:54:54","slug":"la-crisis-de-gabinete-desnudo-la-soledad-politica-de-alberto-fernandez-y-achico-su-circulo-de-extrema-confianza","status":"publish","type":"post","link":"https:\/\/corrientesdetarde.com\/index.php\/nacionales\/la-crisis-de-gabinete-desnudo-la-soledad-politica-de-alberto-fernandez-y-achico-su-circulo-de-extrema-confianza\/","title":{"rendered":"<strong>La crisis de Gabinete desnud\u00f3 la soledad pol\u00edtica de Alberto Fern\u00e1ndez y achic\u00f3 su c\u00edrculo de extrema confianza<\/strong>"},"content":{"rendered":"\n<p>El Presidente no cruz\u00f3 mensajes con Cristina Fern\u00e1ndez de Kirchner y mantuvo escaso contacto con Sergio Massa, mientras Santiago Cafiero, Juan Manuel Olmos y Julio Vitobello fueron clave al momento de resolver las designaciones de Tolosa Paz, Olmos y Mazzina<\/p>\n\n\n\n<p>Alberto Fern\u00e1ndez no tuvo una sola reuni\u00f3n en Olivos para debatir con su c\u00edrculo pol\u00edtico los eventuales candidatos a ministros de Trabajo, Desarrollo Social y Mujer. El Presidente agot\u00f3 las bater\u00edas de su celular para enviar chats y cambiar llamadas telef\u00f3nicas con Santiago Cafiero, Juan Manuel Olmos y Julio Vitobello,&nbsp;<strong>pero evit\u00f3 la comunicaci\u00f3n con Cristina Fern\u00e1ndez de Kirchner a trav\u00e9s de Telegram&nbsp;<\/strong>y planificar un c\u00f3nclave con Sergio Massa para escuchar sus opiniones y recomendaciones.<\/p>\n\n\n\n<p><strong>Alberto Fern\u00e1ndez se aisl\u00f3 en la quinta presidencial.&nbsp;<\/strong>Y esa actitud personal conmocion\u00f3, atemoriz\u00f3 e irrit\u00f3 a todos los socios activos del Frente de Todos.<\/p>\n\n\n\n<p><strong>Kelly Olmos en Trabajo y Victoria Tolosa Paz en Desarrollo Social s\u00f3lo tendr\u00e1n el apoyo de la CGT oficial y los movimientos sociales que a\u00fan acompa\u00f1an al Presidente.<\/strong>&nbsp;Cristina aguardar\u00e1 su tiempo para actuar adentro y afuera del Gobierno y Massa opt\u00f3 por la lejan\u00eda pol\u00edtica respecto a las decisiones que se tomaron en la soledad blindada de Olivos.<\/p>\n\n\n\n<p>Santiago Cafiero actu\u00f3 como un jefe de Gabinete en&nbsp;<em>las sombras,&nbsp;<\/em>mientras Juan Mazur se refugiaba en un pueblito de La Rioja sin contacto frecuente con Alberto Fern\u00e1ndez. Manzur seguir\u00e1 el camino de Juan Zabaleta, Elizabeth G\u00f3mez Alcorta y Claudio Moroni: ya cuenta las horas y espera su coartada pol\u00edtica.<\/p>\n\n\n\n<p><strong>Julio Vitobello -secretario general de la Presidencia- es el sost\u00e9n an\u00edmico del jefe de Estado.<\/strong>&nbsp;Y se encarga de atender las llamadas que descarta Alberto Fern\u00e1ndez. Vitobello siempre responde en el mismo tono y da las disculpas de ocasi\u00f3n al factor de poder que se siente olvidado y maltratado por el Presidente.<\/p>\n\n\n\n<p>Kelly Olmos y Tolosa Paz son militantes peronistas que responder\u00e1n a las \u00f3rdenes directas de Alberto Fern\u00e1ndez. Pero no sirven para ensanchar la base de sustentaci\u00f3n de un gobierno acosado por las internas palaciegas, la frustraci\u00f3n y el instinto unipersonal de supervivencia.<\/p>\n\n\n\n<p>Los futuras ministras conocen la l\u00f3gica partidaria y saben qu\u00e9 sucede entre el Presidente, CFK y Massa,&nbsp;<strong>dos ventajas coyunturales que se agotar\u00e1n cuando Pablo Moyano y Juan Grabois abran su partida con Gambito de Dama.&nbsp;<\/strong>Moyano y Grabois planifican sus aperturas con La C\u00e1mpora.<\/p>\n\n\n\n<p>En todas las crisis de Gabinete, Alberto Fern\u00e1ndez se quedaba en la quinta presidencial y manten\u00eda reuniones sucesivas con su equipo m\u00e1s cercano: Cafiero, Vitobello, Vilma Ibarra, Sergio Massa, Juan Manuel Olmos, Anibal Fern\u00e1ndez, Gabriel Katopodis, Agust\u00edn Rossi, Gabriela Cerruti y Juan Pablo Biondi (antes de su renuncia).<\/p>\n\n\n\n<p>En esta crisis pol\u00edtica, que se engull\u00f3 a los ministros de Trabajo, Desarrollo Social y Mujer,&nbsp;<strong>Alberto Fern\u00e1ndez se qued\u00f3 s\u00f3lo en Olivos.<\/strong>&nbsp;Y ayer a la ma\u00f1ana, finalmente, invit\u00f3 a Cafiero, Olmos, Vitobello y Cerruti.<strong>&nbsp;Ese fue su c\u00edrculo \u00edntimo, que oper\u00f3 con sus celulares, todo el fin de semana largo.<\/strong><\/p>\n\n\n\n<p>Cafiero atendi\u00f3 al Presidente de d\u00eda y de noche en su tel\u00e9fono m\u00f3vil. Olmos -vice jefe de Gabinete- abandon\u00f3 Caril\u00f3 y gast\u00f3 las bater\u00edas de su celular cruzando informaci\u00f3n y hablando con Kelly Olmos para ofrecerle la cartera que dej\u00f3 vacante Claudio Moroni.<\/p>\n\n\n\n<p>Vitobello mantuvo abiertos los contactos con todos los protagonistas del Frente de Todos y Cerruti trataba de contener a los periodistas que hostigaron su WhatsApp cuando comprendieron que detr\u00e1s de Gomez Alcorta tambien se iban Moroni y Zabaleta.<\/p>\n\n\n\n<p>En esta crisis pol\u00edtica,&nbsp;<strong>Ibarra no fue de la partida<\/strong>. Sufre hast\u00edo y dolor. Pero jur\u00f3 ser secretaria Legal y T\u00e9cnica hasta el final. Kelly Olmos, Tolosa Paz y Ayell\u00e9n Massina juran el pr\u00f3ximo jueves en Casa Rosada. Ser\u00e1 la tercera asunci\u00f3n de ministros en 101 d\u00edas -antes sucedi\u00f3 con Silvina Batakis y Massa-,&nbsp;<strong>y en Balcarce 50 no creen que sea la \u00faltima ceremonia de recambio hasta el 10 de diciembre de 2023<\/strong><\/p>\n","protected":false},"excerpt":{"rendered":"<p>El Presidente no cruz\u00f3 mensajes con Cristina Fern\u00e1ndez de Kirchner y mantuvo escaso contacto con Sergio Massa, mientras Santiago Cafiero, Juan Manuel Olmos y Julio Vitobello fueron clave al momento&hellip; <\/p>\n","protected":false},"author":7,"featured_media":10127,"comment_status":"closed","ping_status":"open","sticky":false,"template":"","format":"standard","meta":{"footnotes":""},"categories":[10],"tags":[],"class_list":["post-10126","post","type-post","status-publish","format-standard","has-post-thumbnail","hentry","category-nacionales"],"_links":{"self":[{"href":"https:\/\/corrientesdetarde.com\/index.php\/wp-json\/wp\/v2\/posts\/10126","targetHints":{"allow":["GET"]}}],"collection":[{"href":"https:\/\/corrientesdetarde.com\/index.php\/wp-json\/wp\/v2\/posts"}],"about":[{"href":"https:\/\/corrientesdetarde.com\/index.php\/wp-json\/wp\/v2\/types\/post"}],"author":[{"embeddable":true,"href":"https:\/\/corrientesdetarde.com\/index.php\/wp-json\/wp\/v2\/users\/7"}],"replies":[{"embeddable":true,"href":"https:\/\/corrientesdetarde.com\/index.php\/wp-json\/wp\/v2\/comments?post=10126"}],"version-history":[{"count":1,"href":"https:\/\/corrientesdetarde.com\/index.php\/wp-json\/wp\/v2\/posts\/10126\/revisions"}],"predecessor-version":[{"id":10128,"href":"https:\/\/corrientesdetarde.com\/index.php\/wp-json\/wp\/v2\/posts\/10126\/revisions\/10128"}],"wp:featuredmedia":[{"embeddable":true,"href":"https:\/\/corrientesdetarde.com\/index.php\/wp-json\/wp\/v2\/media\/10127"}],"wp:attachment":[{"href":"https:\/\/corrientesdetarde.com\/index.php\/wp-json\/wp\/v2\/media?parent=10126"}],"wp:term":[{"taxonomy":"category","embeddable":true,"href":"https:\/\/corrientesdetarde.com\/index.php\/wp-json\/wp\/v2\/categories?post=10126"},{"taxonomy":"post_tag","embeddable":true,"href":"https:\/\/corrientesdetarde.com\/index.php\/wp-json\/wp\/v2\/tags?post=10126"}],"curies":[{"name":"wp","href":"https:\/\/api.w.org\/{rel}","templated":true}]}}