{"id":101362,"date":"2023-11-10T01:11:24","date_gmt":"2023-11-10T04:11:24","guid":{"rendered":"https:\/\/corrientesdetarde.com\/?p=101362"},"modified":"2023-11-10T01:11:35","modified_gmt":"2023-11-10T04:11:35","slug":"capacitaciones-para-acceder-al-carnet-unico-de-emprendedor","status":"publish","type":"post","link":"https:\/\/corrientesdetarde.com\/index.php\/actualidad\/capacitaciones-para-acceder-al-carnet-unico-de-emprendedor\/","title":{"rendered":"Capacitaciones para acceder al carnet \u00fanico de emprendedor"},"content":{"rendered":"\n<p>Este mi\u00e9rcoles 8 se llev\u00f3 a cabo una Capacitaci\u00f3n para emprendedores organizado por el Ministerio de Desarrollo Social a cargo de Ad\u00e1n Gaya en la localidad de Yapey\u00fa.<\/p>\n\n\n\n<p>Haciendo extensivo las capacitaciones al interior provincial con el fin de acceder al carnet \u00fanico de emprendedores, el Ministerio llev\u00f3 a cabo un curso de Marketing Mix a cargo del Lic. David Osnaghi, esta actividad es coordinada por la Direcci\u00f3n de Comercializaci\u00f3n cuya titular es D\u00e9bora Galarza Alcaraz.<\/p>\n\n\n\n<figure class=\"wp-block-image size-large\"><img loading=\"lazy\" decoding=\"async\" width=\"1024\" height=\"678\" src=\"https:\/\/corrientesdetarde.com\/wp-content\/uploads\/2023\/11\/Captura-de-pantalla-2023-11-10-010957-1024x678.png\" alt=\"\" class=\"wp-image-101363\" srcset=\"https:\/\/corrientesdetarde.com\/wp-content\/uploads\/2023\/11\/Captura-de-pantalla-2023-11-10-010957-1024x678.png 1024w, https:\/\/corrientesdetarde.com\/wp-content\/uploads\/2023\/11\/Captura-de-pantalla-2023-11-10-010957-300x199.png 300w, https:\/\/corrientesdetarde.com\/wp-content\/uploads\/2023\/11\/Captura-de-pantalla-2023-11-10-010957-768x509.png 768w, https:\/\/corrientesdetarde.com\/wp-content\/uploads\/2023\/11\/Captura-de-pantalla-2023-11-10-010957.png 1387w\" sizes=\"auto, (max-width: 1024px) 100vw, 1024px\" \/><\/figure>\n\n\n\n<p><br><br>Se realiz\u00f3 a un grupo de aproximadamente 20 \u00a0emprendedores de la zona en el Centro de Interpretaci\u00f3n Jesu\u00edtico Guaran\u00ed.<br><br>La actividad cont\u00f3 con la presencia de la Intendente Marisol Fagundez \u201c Nosotros tenemos un grupo de 32 emprendedores adultos y un grupo de j\u00f3venes que son aproximadamente 15, con quienes se llevan adelante diferentes actividades. Hoy estamos con esta capacitaci\u00f3n, de la que participaron alrededor de 20, y pudieron satisfacer sus necesidades que\u00a0es lo que ellos quer\u00edan y se quedaron con m\u00e1s ganas de seguir aprendiendo y eso es muy bueno\u201d dijo la Intendente.<\/p>\n","protected":false},"excerpt":{"rendered":"<p>Este mi\u00e9rcoles 8 se llev\u00f3 a cabo una Capacitaci\u00f3n para emprendedores organizado por el Ministerio de Desarrollo Social a cargo de Ad\u00e1n Gaya en la localidad de Yapey\u00fa. Haciendo extensivo&hellip; <\/p>\n","protected":false},"author":4,"featured_media":101364,"comment_status":"closed","ping_status":"open","sticky":false,"template":"","format":"standard","meta":{"footnotes":""},"categories":[23],"tags":[],"class_list":["post-101362","post","type-post","status-publish","format-standard","has-post-thumbnail","hentry","category-actualidad"],"_links":{"self":[{"href":"https:\/\/corrientesdetarde.com\/index.php\/wp-json\/wp\/v2\/posts\/101362","targetHints":{"allow":["GET"]}}],"collection":[{"href":"https:\/\/corrientesdetarde.com\/index.php\/wp-json\/wp\/v2\/posts"}],"about":[{"href":"https:\/\/corrientesdetarde.com\/index.php\/wp-json\/wp\/v2\/types\/post"}],"author":[{"embeddable":true,"href":"https:\/\/corrientesdetarde.com\/index.php\/wp-json\/wp\/v2\/users\/4"}],"replies":[{"embeddable":true,"href":"https:\/\/corrientesdetarde.com\/index.php\/wp-json\/wp\/v2\/comments?post=101362"}],"version-history":[{"count":1,"href":"https:\/\/corrientesdetarde.com\/index.php\/wp-json\/wp\/v2\/posts\/101362\/revisions"}],"predecessor-version":[{"id":101365,"href":"https:\/\/corrientesdetarde.com\/index.php\/wp-json\/wp\/v2\/posts\/101362\/revisions\/101365"}],"wp:featuredmedia":[{"embeddable":true,"href":"https:\/\/corrientesdetarde.com\/index.php\/wp-json\/wp\/v2\/media\/101364"}],"wp:attachment":[{"href":"https:\/\/corrientesdetarde.com\/index.php\/wp-json\/wp\/v2\/media?parent=101362"}],"wp:term":[{"taxonomy":"category","embeddable":true,"href":"https:\/\/corrientesdetarde.com\/index.php\/wp-json\/wp\/v2\/categories?post=101362"},{"taxonomy":"post_tag","embeddable":true,"href":"https:\/\/corrientesdetarde.com\/index.php\/wp-json\/wp\/v2\/tags?post=101362"}],"curies":[{"name":"wp","href":"https:\/\/api.w.org\/{rel}","templated":true}]}}