{"id":101592,"date":"2023-11-11T08:11:34","date_gmt":"2023-11-11T11:11:34","guid":{"rendered":"https:\/\/corrientesdetarde.com\/?p=101592"},"modified":"2023-11-11T08:11:45","modified_gmt":"2023-11-11T11:11:45","slug":"pastores-de-toda-la-provincia-se-reunieron-en-la-capital-correntina","status":"publish","type":"post","link":"https:\/\/corrientesdetarde.com\/index.php\/sociales\/pastores-de-toda-la-provincia-se-reunieron-en-la-capital-correntina\/","title":{"rendered":"Pastores de toda la provincia se reunieron en la capital correntina"},"content":{"rendered":"\n<p>David Olivera es uno de los representantes de la comunidad cristiana, se\u00f1al\u00f3 que el convite fue para analizar la situaci\u00f3n del pa\u00eds en un contexto general y expresar su posici\u00f3n ante la coyuntura electoral de la segunda vuelta.<\/p>\n\n\n\n<p>El sector denominado &#8220;Pastores Unidos por Corrientes&#8221;, reunidos ayer en una mesa abordaron diversas tem\u00e1ticas, incluida la actualidad pol\u00edtica.<\/p>\n\n\n\n<p>El encuentro comenz\u00f3 a las 10, en la iglesia &#8220;Visi\u00f3n de Campeones&#8221;, ubicada en la calle Hip\u00f3lito Yrigoyen, entre Per\u00fa y Roca de esta capital, y reuni\u00f3 alrededor de 180 fieles de 25 localidades de la provincia.<\/p>\n\n\n\n<p>El pastor David Olivera es uno de los representantes del mencionado sector y en comunicaci\u00f3n con \u00e9poca se\u00f1al\u00f3 que el encuentro fue para analizar la situaci\u00f3n del pa\u00eds en un contexto general y expresar su posici\u00f3n ante la coyuntura electoral de la segunda vuelta, entre los candidatos a Presidente.<\/p>\n\n\n\n<p>&#8220;Compartimos una profunda convicci\u00f3n y esperanza de que Argentina puede salir de la profunda decadencia moral y socioecon\u00f3mica en la que est\u00e1 sumida, volver a ser un pa\u00eds pr\u00f3spero y pujante, en el que sus habitantes puedan progresar y vivir con bienestar y en paz&#8221;, indic\u00f3.<\/p>\n\n\n\n<p>&#8220;Sabemos que para lograrlo debemos comenzar con una fuerte autocracia del pueblo cristiano por todo lo que nos est\u00e1 pasando a los argentinos y, para ello, debi\u00e9ramos recordar aquella promesa de nuestro Dios al decirnos en 2 de cr\u00f3nica 7:14. \u0091Si mi pueblo, que lleva mi nombre, se humilla y ora y busca mi rostro y se vuelve de sus malos caminos, entonces yo ir\u00e9 desde el cielo, perdonar\u00e9 sus pecados y sanar\u00e9 su tierra\u0092&#8221;, expres\u00f3.<\/p>\n\n\n\n<p>&#8220;Entonces, si queremos tener esperanza de un futuro mejor y dejar un pa\u00eds pr\u00f3spero y bendecido para nuestras futuras generaciones, mucho depender\u00e1 de nosotros su pueblo, eligiendo con sana conciencia el mejor camino, y luego Dios har\u00e1 su parte, conforme a su promesa&#8221;, agreg\u00f3.<\/p>\n\n\n\n<p>&#8220;Para lograrlo, debemos ser m\u00e1s fieles que nunca a los valores cristianos que predicamos. Es por eso que nuestro posicionamiento debe ser coherente con nuestra fe, cuyo ideal sigue siendo el de la defensa de valores que fueran la base fundamental para la creaci\u00f3n de nuestra Rep\u00fablica&#8221;, dijo.<\/p>\n\n\n\n<p>&#8220;Innegociables en la defensa de la vida desde la concepci\u00f3n, la defensa de la familia tal fuera dise\u00f1ada desde su creaci\u00f3n, las libertades individuales, como la de expresi\u00f3n, la libertad de conciencia y de culto, la cultura del trabajo y el esfuerzo, entre otras&#8221;, indic\u00f3.<\/p>\n\n\n\n<p>&#8220;Nos preocupa la continuidad de una pol\u00edtica fiscalmente irresponsable, que viene empobreciendo a millones de nuestros hermanos, poni\u00e9ndonoslos de rodillas ante las d\u00e1divas populistas, sumi\u00e9ndonos al m\u00e1s del 40 por ciento de la poblaci\u00f3n a la extrema pobreza e indigencia, con un alt\u00edsimo nivel inflacionario&#8221;, expresaron en un comunicado en conjunto.<\/p>\n","protected":false},"excerpt":{"rendered":"<p>David Olivera es uno de los representantes de la comunidad cristiana, se\u00f1al\u00f3 que el convite fue para analizar la situaci\u00f3n del pa\u00eds en un contexto general y expresar su posici\u00f3n&hellip; <\/p>\n","protected":false},"author":3,"featured_media":101593,"comment_status":"closed","ping_status":"open","sticky":false,"template":"","format":"standard","meta":{"footnotes":""},"categories":[17],"tags":[],"class_list":["post-101592","post","type-post","status-publish","format-standard","has-post-thumbnail","hentry","category-sociales"],"_links":{"self":[{"href":"https:\/\/corrientesdetarde.com\/index.php\/wp-json\/wp\/v2\/posts\/101592","targetHints":{"allow":["GET"]}}],"collection":[{"href":"https:\/\/corrientesdetarde.com\/index.php\/wp-json\/wp\/v2\/posts"}],"about":[{"href":"https:\/\/corrientesdetarde.com\/index.php\/wp-json\/wp\/v2\/types\/post"}],"author":[{"embeddable":true,"href":"https:\/\/corrientesdetarde.com\/index.php\/wp-json\/wp\/v2\/users\/3"}],"replies":[{"embeddable":true,"href":"https:\/\/corrientesdetarde.com\/index.php\/wp-json\/wp\/v2\/comments?post=101592"}],"version-history":[{"count":1,"href":"https:\/\/corrientesdetarde.com\/index.php\/wp-json\/wp\/v2\/posts\/101592\/revisions"}],"predecessor-version":[{"id":101594,"href":"https:\/\/corrientesdetarde.com\/index.php\/wp-json\/wp\/v2\/posts\/101592\/revisions\/101594"}],"wp:featuredmedia":[{"embeddable":true,"href":"https:\/\/corrientesdetarde.com\/index.php\/wp-json\/wp\/v2\/media\/101593"}],"wp:attachment":[{"href":"https:\/\/corrientesdetarde.com\/index.php\/wp-json\/wp\/v2\/media?parent=101592"}],"wp:term":[{"taxonomy":"category","embeddable":true,"href":"https:\/\/corrientesdetarde.com\/index.php\/wp-json\/wp\/v2\/categories?post=101592"},{"taxonomy":"post_tag","embeddable":true,"href":"https:\/\/corrientesdetarde.com\/index.php\/wp-json\/wp\/v2\/tags?post=101592"}],"curies":[{"name":"wp","href":"https:\/\/api.w.org\/{rel}","templated":true}]}}