{"id":101601,"date":"2023-11-11T09:02:14","date_gmt":"2023-11-11T12:02:14","guid":{"rendered":"https:\/\/corrientesdetarde.com\/?p=101601"},"modified":"2023-11-11T09:02:15","modified_gmt":"2023-11-11T12:02:15","slug":"el-gobierno-anuncio-un-nuevo-aumento-y-un-refuerzo-para-las-jubilaciones","status":"publish","type":"post","link":"https:\/\/corrientesdetarde.com\/index.php\/informacion-general\/el-gobierno-anuncio-un-nuevo-aumento-y-un-refuerzo-para-las-jubilaciones\/","title":{"rendered":"El Gobierno anunci\u00f3 un nuevo aumento y un refuerzo para las jubilaciones"},"content":{"rendered":"\n<p>El anuncio lo formul\u00f3 el organismo que conduce Fernanda Raverta.<\/p>\n\n\n\n<p>La Anses inform\u00f3 que, de acuerdo a la Ley de Movilidad Jubilatoria, el cuarto y \u00faltimo aumento anual de las jubilaciones y pensiones ser\u00e1 del 20,87 por ciento.<\/p>\n\n\n\n<p>El anuncio lo formul\u00f3 el organismo que conduce Fernanda Raverta. El incremento, se indic\u00f3, \u201cestar\u00e1 vigente a partir del 1\u00ba de diciembre\u201d.<\/p>\n\n\n\n<p>De esta manera, \u201cel organismo continuar\u00e1 con su pol\u00edtica de refuerzos previsionales para seguir recuperando el poder adquisitivo de las jubilaciones y pensiones m\u00ednimas: en diciembre recibir\u00e1n 55 mil pesos, por lo que ning\u00fan jubilado o pensionado cobrar\u00e1 menos de 160.713 pesos\u201d.<\/p>\n\n\n\n<p>\u201cEsto se traduce en el 73 por ciento de los titulares alcanzados (5,5 millones de personas). Asimismo, el pr\u00f3ximo mes percibir\u00e1n el medio aguinaldo: de esa manera, quienes tengan un haber m\u00ednimo recibir\u00e1n 213.569 pesos (movilidad + refuerzo + medio aguinaldo)\u201d.<\/p>\n\n\n\n<p>\u201cSi la persona tiene PAMI, tambi\u00e9n cobrar\u00e1 los 15 mil pesos del Refuerzo Alimentario de esta obra social. En tanto, las y los jubilados de la m\u00ednima que se jubilaron con los 30 a\u00f1os de aportes efectivos (sin moratorias ni Plan de Pago) recibir\u00e1n el complemento al 82 por ciento del SMVM, que ser\u00e1 de 22.207 pesos\u201d.<\/p>\n\n\n\n<p>De esta manera, \u201cpercibir\u00e1n 182.920 pesos (complemento + haber m\u00ednimo + refuerzo). Y, tambi\u00e9n, el medio aguinaldo. La movilidad impactar\u00e1 en m\u00e1s de 17 millones de beneficios: 7,5 millones de jubilados y pensionados, as\u00ed como en titulares de asignaciones universales y familiares (AUH, AAFF, AxE, entre otras)\u201d.<\/p>\n\n\n\n<p>As\u00ed, \u201cla jubilaci\u00f3n m\u00ednima habr\u00e1 tenido un incremento interanual del 167 por ciento (diciembre 2022 &#8211; diciembre 2023), ubic\u00e1ndose por encima de la inflaci\u00f3n del per\u00edodo\u201d, aunque todav\u00eda no est\u00e1 definido a cu\u00e1nto llegar\u00e1 la inflaci\u00f3n a fin de a\u00f1o; en principio, con el dato de octubre, en el \u00faltimo a\u00f1o se ubicar\u00e1 en torno del 150 por ciento y los analistas privados prev\u00e9n que ascienda al 180 por ciento a fin de a\u00f1o.<\/p>\n\n\n\n<p>A su vez, seg\u00fan la Anses, \u201ccon este nuevo aumento, la Asignaci\u00f3n Universal por Hija e Hijo (AUH) y la Asignaci\u00f3n por Embarazo pasar\u00e1n a ser de 20.661 pesos\u201d.<\/p>\n\n\n\n<p>Del mismo modo, \u201cel incremento impactar\u00e1 en las AAFF por Prenatal, Nacimiento, Adopci\u00f3n, Matrimonio, C\u00f3nyuge y el Complemento de leche de la Ley de los 1000 d\u00edas\u201d, inform\u00f3 la Anses.<\/p>\n","protected":false},"excerpt":{"rendered":"<p>El anuncio lo formul\u00f3 el organismo que conduce Fernanda Raverta. La Anses inform\u00f3 que, de acuerdo a la Ley de Movilidad Jubilatoria, el cuarto y \u00faltimo aumento anual de las&hellip; <\/p>\n","protected":false},"author":3,"featured_media":101602,"comment_status":"closed","ping_status":"open","sticky":false,"template":"","format":"standard","meta":{"footnotes":""},"categories":[1],"tags":[],"class_list":["post-101601","post","type-post","status-publish","format-standard","has-post-thumbnail","hentry","category-informacion-general"],"_links":{"self":[{"href":"https:\/\/corrientesdetarde.com\/index.php\/wp-json\/wp\/v2\/posts\/101601","targetHints":{"allow":["GET"]}}],"collection":[{"href":"https:\/\/corrientesdetarde.com\/index.php\/wp-json\/wp\/v2\/posts"}],"about":[{"href":"https:\/\/corrientesdetarde.com\/index.php\/wp-json\/wp\/v2\/types\/post"}],"author":[{"embeddable":true,"href":"https:\/\/corrientesdetarde.com\/index.php\/wp-json\/wp\/v2\/users\/3"}],"replies":[{"embeddable":true,"href":"https:\/\/corrientesdetarde.com\/index.php\/wp-json\/wp\/v2\/comments?post=101601"}],"version-history":[{"count":1,"href":"https:\/\/corrientesdetarde.com\/index.php\/wp-json\/wp\/v2\/posts\/101601\/revisions"}],"predecessor-version":[{"id":101610,"href":"https:\/\/corrientesdetarde.com\/index.php\/wp-json\/wp\/v2\/posts\/101601\/revisions\/101610"}],"wp:featuredmedia":[{"embeddable":true,"href":"https:\/\/corrientesdetarde.com\/index.php\/wp-json\/wp\/v2\/media\/101602"}],"wp:attachment":[{"href":"https:\/\/corrientesdetarde.com\/index.php\/wp-json\/wp\/v2\/media?parent=101601"}],"wp:term":[{"taxonomy":"category","embeddable":true,"href":"https:\/\/corrientesdetarde.com\/index.php\/wp-json\/wp\/v2\/categories?post=101601"},{"taxonomy":"post_tag","embeddable":true,"href":"https:\/\/corrientesdetarde.com\/index.php\/wp-json\/wp\/v2\/tags?post=101601"}],"curies":[{"name":"wp","href":"https:\/\/api.w.org\/{rel}","templated":true}]}}