{"id":101603,"date":"2023-11-11T09:02:18","date_gmt":"2023-11-11T12:02:18","guid":{"rendered":"https:\/\/corrientesdetarde.com\/?p=101603"},"modified":"2023-11-11T09:02:19","modified_gmt":"2023-11-11T12:02:19","slug":"el-parana-llego-al-pico-y-esperan-que-se-estacione","status":"publish","type":"post","link":"https:\/\/corrientesdetarde.com\/index.php\/medio-ambiente\/el-parana-llego-al-pico-y-esperan-que-se-estacione\/","title":{"rendered":"El Paran\u00e1 lleg\u00f3 al pico y esperan que se estacione"},"content":{"rendered":"\n<p>El r\u00edo alcanz\u00f3 los 7,15 metros y se incrementa la cantidad de autoevacuados en\u00a0la ciudad de Corrientes.\u00a0\u00a0<\/p>\n\n\n\n<p>La situaci\u00f3n h\u00eddrica en la ciudad de Corrientes se complic\u00f3 este jueves cuando el Paran\u00e1 lleg\u00f3 a los 7,15 metros: creci\u00f3 11 cent\u00edmetros en tan solo 3 horas. Este viernes se cumple una semana desde que la crecida comenz\u00f3 a afectar a las familias capitalinas que viven en la costa del r\u00edo. Las inundaciones perjudican a 140 familias, de las cuales 11 se encuentran evacuadas en los dos refugios municipales y hay m\u00e1s de 100 autoevacuados.&nbsp;<\/p>\n\n\n\n<p>En la tarde de este jueves, en la zona de la capital correntina, el Paran\u00e1 lleg\u00f3 a los 7,15 metros a las 18, tras haber medido 7,04 metros a las 15, seg\u00fan los datos aportados por Prefectura Naval Argentina. Los m\u00e1s afectados por la crecida son las familias que residen en la zona costera, que debieron dejar sus casas para refugiarse en sitios seguros. Un total de 140 familias son damnificadas por la crecida, 11 de ellas est\u00e1n distribuidas en los Centro Integrador Comunitario (CIC) del barrio Anah\u00ed y el Dispositivo Territorial Comunitario (DTC) del barrio Independencia. Hay cerca de 100 autoevacuados, mientras que otras personas optan por trasladarse a una zona m\u00e1s alta pero sin alejarse mucho de sus hogares. Una de las consecuencias de la creciente del r\u00edo es que gran parte de las personas que residen en zonas ribere\u00f1as son pescadores, malloneros y ladrilleros. Y el problema que tienen es que hace un mes no pueden trabajar, por lo que se agrava su situaci\u00f3n econ\u00f3mica.&nbsp;<\/p>\n\n\n\n<p>Graciela, del barrio Quilmes, cont\u00f3 a El Litoral que \u201cnosotros tenemos casi 46 familias inundadas en el barrio, incluyendo personas mayores y ni\u00f1os. Entre varias mam\u00e1s nos pusimos de acuerdo para cocinar para todos al menos la cena, porque est\u00e1n bajo agua y no tienen qu\u00e9 comer\u201d. &nbsp;Para poder ayudar a las familias que asisten al merendero del barrio Quilmes, lo pueden hacer a trav\u00e9s de la donaci\u00f3n de mercader\u00eda, carne, verduras, comunic\u00e1ndose al 379-4069992 (Graciela).&nbsp;<\/p>\n","protected":false},"excerpt":{"rendered":"<p>El r\u00edo alcanz\u00f3 los 7,15 metros y se incrementa la cantidad de autoevacuados en\u00a0la ciudad de Corrientes.\u00a0\u00a0 La situaci\u00f3n h\u00eddrica en la ciudad de Corrientes se complic\u00f3 este jueves cuando&hellip; <\/p>\n","protected":false},"author":3,"featured_media":101604,"comment_status":"closed","ping_status":"open","sticky":false,"template":"","format":"standard","meta":{"footnotes":""},"categories":[6],"tags":[],"class_list":["post-101603","post","type-post","status-publish","format-standard","has-post-thumbnail","hentry","category-medio-ambiente"],"_links":{"self":[{"href":"https:\/\/corrientesdetarde.com\/index.php\/wp-json\/wp\/v2\/posts\/101603","targetHints":{"allow":["GET"]}}],"collection":[{"href":"https:\/\/corrientesdetarde.com\/index.php\/wp-json\/wp\/v2\/posts"}],"about":[{"href":"https:\/\/corrientesdetarde.com\/index.php\/wp-json\/wp\/v2\/types\/post"}],"author":[{"embeddable":true,"href":"https:\/\/corrientesdetarde.com\/index.php\/wp-json\/wp\/v2\/users\/3"}],"replies":[{"embeddable":true,"href":"https:\/\/corrientesdetarde.com\/index.php\/wp-json\/wp\/v2\/comments?post=101603"}],"version-history":[{"count":1,"href":"https:\/\/corrientesdetarde.com\/index.php\/wp-json\/wp\/v2\/posts\/101603\/revisions"}],"predecessor-version":[{"id":101611,"href":"https:\/\/corrientesdetarde.com\/index.php\/wp-json\/wp\/v2\/posts\/101603\/revisions\/101611"}],"wp:featuredmedia":[{"embeddable":true,"href":"https:\/\/corrientesdetarde.com\/index.php\/wp-json\/wp\/v2\/media\/101604"}],"wp:attachment":[{"href":"https:\/\/corrientesdetarde.com\/index.php\/wp-json\/wp\/v2\/media?parent=101603"}],"wp:term":[{"taxonomy":"category","embeddable":true,"href":"https:\/\/corrientesdetarde.com\/index.php\/wp-json\/wp\/v2\/categories?post=101603"},{"taxonomy":"post_tag","embeddable":true,"href":"https:\/\/corrientesdetarde.com\/index.php\/wp-json\/wp\/v2\/tags?post=101603"}],"curies":[{"name":"wp","href":"https:\/\/api.w.org\/{rel}","templated":true}]}}