{"id":101616,"date":"2023-11-11T10:17:06","date_gmt":"2023-11-11T13:17:06","guid":{"rendered":"https:\/\/corrientesdetarde.com\/?p=101616"},"modified":"2023-11-11T10:17:17","modified_gmt":"2023-11-11T13:17:17","slug":"aumento-a-jubilados-a-cuanto-subira-la-minima-en-diciembre-y-cuando-se-cobra-el-bono-que-anuncio-el-gobierno","status":"publish","type":"post","link":"https:\/\/corrientesdetarde.com\/index.php\/nacionales\/aumento-a-jubilados-a-cuanto-subira-la-minima-en-diciembre-y-cuando-se-cobra-el-bono-que-anuncio-el-gobierno\/","title":{"rendered":"Aumento a jubilados: a cu\u00e1nto subir\u00e1 la m\u00ednima en diciembre y cu\u00e1ndo se cobra el \u201cbono\u201d que anunci\u00f3 el Gobierno"},"content":{"rendered":"\n<h2 class=\"wp-block-heading\">El Gobierno estableci\u00f3 un incremento del 20,87 por ciento, que se reforzar\u00e1 con un refuerzo de 55.000 pesos<\/h2>\n\n\n\n<p><a rel=\"noreferrer noopener\" href=\"https:\/\/www.infobae.com\/economia\/2023\/11\/10\/los-salarios-de-los-trabajadores-en-negro-crecieron-44-puntos-porcentuales-menos-que-la-inflacion-en-el-ultimo-ano\/\" target=\"_blank\">Tras la publicaci\u00f3n del \u00edndice de salarios<\/a>, dato que faltaba para el c\u00e1lculo de la f\u00f3rmula de movilidad,\u00a0<a rel=\"noreferrer noopener\" href=\"https:\/\/www.infobae.com\/economia\/2023\/11\/10\/el-gobierno-anuncio-un-aumento-del-208-y-un-refuerzo-de-55-mil-para-las-jubilaciones-en-diciembre\/\" target=\"_blank\">el Gobierno inform\u00f3 que los haberes de los jubilados y pensionados aumentar\u00e1n 20,87 por ciento en diciembre<\/a>.<\/p>\n\n\n\n<p>El ajuste, que busca compensar el avance de la inflaci\u00f3n de los \u00faltimos meses, no alcanza para compensar la p\u00e9rdida del poder adquisitivo de los ingresos de los jubilados, por lo que el Gobierno decidi\u00f3 complementar el incremento con un bono de 55 mil pesos. De esta manera, detallaron desde el Anses, ning\u00fan jubilado o pensionado cobrar\u00e1 menos de 160.713 pesos a partir de diciembre.<\/p>\n\n\n\n<p>Ese valor representa la situaci\u00f3n de ingresos del 73% de los titulares de haberes jubilatorios (5,5 millones de personas). Se debe tener en cuenta adem\u00e1s, que en diciembre Anses pagar\u00e1 el medio aguinaldo, por lo que quienes perciben un haber m\u00ednimo cobrar\u00e1n en el \u00faltimo mes del a\u00f1o un total de 213.569 pesos (movilidad + refuerzo + medio aguinaldo)\u201d.<\/p>\n\n\n\n<p>Si la persona tiene PAMI, tambi\u00e9n cobrar\u00e1 los 15 mil pesos del Refuerzo Alimentario de esta obra social. En tanto los jubilados de la m\u00ednima que se jubilaron con los 30 a\u00f1os de aportes efectivos (sin moratorias ni Plan de Pago) recibir\u00e1n el complemento al 82 por ciento del salario m\u00ednimo vital y m\u00f3vil (SMVM), que ser\u00e1 de 22.207 pesos. De esta manera, esos beneficiarios en particular percibir\u00e1n 182.920 pesos (complemento + haber m\u00ednimo + refuerzo), m\u00e1s el medio aguinaldo, por supuesto.<\/p>\n\n\n\n<p>Es importante tener en cuenta que el aumento por movilidad no impactar\u00e1 \u00fanicamente en los 5,5 millones de jubilados, sino que tambi\u00e9n implicar\u00e1 un aumento de los ingresos de los otros 11,5 millones de beneficiarios, que se dividen entre pensiones y titulares de asignaciones universales y familiares (AUH, AAFF, AxE, entre otras).<\/p>\n","protected":false},"excerpt":{"rendered":"<p>El Gobierno estableci\u00f3 un incremento del 20,87 por ciento, que se reforzar\u00e1 con un refuerzo de 55.000 pesos Tras la publicaci\u00f3n del \u00edndice de salarios, dato que faltaba para el&hellip; <\/p>\n","protected":false},"author":3,"featured_media":101617,"comment_status":"closed","ping_status":"open","sticky":false,"template":"","format":"standard","meta":{"footnotes":""},"categories":[10],"tags":[],"class_list":["post-101616","post","type-post","status-publish","format-standard","has-post-thumbnail","hentry","category-nacionales"],"_links":{"self":[{"href":"https:\/\/corrientesdetarde.com\/index.php\/wp-json\/wp\/v2\/posts\/101616","targetHints":{"allow":["GET"]}}],"collection":[{"href":"https:\/\/corrientesdetarde.com\/index.php\/wp-json\/wp\/v2\/posts"}],"about":[{"href":"https:\/\/corrientesdetarde.com\/index.php\/wp-json\/wp\/v2\/types\/post"}],"author":[{"embeddable":true,"href":"https:\/\/corrientesdetarde.com\/index.php\/wp-json\/wp\/v2\/users\/3"}],"replies":[{"embeddable":true,"href":"https:\/\/corrientesdetarde.com\/index.php\/wp-json\/wp\/v2\/comments?post=101616"}],"version-history":[{"count":1,"href":"https:\/\/corrientesdetarde.com\/index.php\/wp-json\/wp\/v2\/posts\/101616\/revisions"}],"predecessor-version":[{"id":101618,"href":"https:\/\/corrientesdetarde.com\/index.php\/wp-json\/wp\/v2\/posts\/101616\/revisions\/101618"}],"wp:featuredmedia":[{"embeddable":true,"href":"https:\/\/corrientesdetarde.com\/index.php\/wp-json\/wp\/v2\/media\/101617"}],"wp:attachment":[{"href":"https:\/\/corrientesdetarde.com\/index.php\/wp-json\/wp\/v2\/media?parent=101616"}],"wp:term":[{"taxonomy":"category","embeddable":true,"href":"https:\/\/corrientesdetarde.com\/index.php\/wp-json\/wp\/v2\/categories?post=101616"},{"taxonomy":"post_tag","embeddable":true,"href":"https:\/\/corrientesdetarde.com\/index.php\/wp-json\/wp\/v2\/tags?post=101616"}],"curies":[{"name":"wp","href":"https:\/\/api.w.org\/{rel}","templated":true}]}}