{"id":101622,"date":"2023-11-11T10:28:49","date_gmt":"2023-11-11T13:28:49","guid":{"rendered":"https:\/\/corrientesdetarde.com\/?p=101622"},"modified":"2023-11-11T10:29:01","modified_gmt":"2023-11-11T13:29:01","slug":"todos-contra-roman-los-detalles-de-la-reunion-de-la-oposicion-de-boca-que-podria-unirse-para-destronar-a-riquelme","status":"publish","type":"post","link":"https:\/\/corrientesdetarde.com\/index.php\/deportes\/todos-contra-roman-los-detalles-de-la-reunion-de-la-oposicion-de-boca-que-podria-unirse-para-destronar-a-riquelme\/","title":{"rendered":"\u00bfTodos contra Rom\u00e1n?: los detalles de la reuni\u00f3n de la oposici\u00f3n de Boca, que podr\u00eda unirse para destronar a Riquelme"},"content":{"rendered":"\n<p>Diferentes l\u00edderes de las listas opositoras al oficialismo xeneize almorzar\u00e1n hoy en busca de una coalici\u00f3n que compita contra el \u00eddolo en las elecciones del 2 de diciembre.<\/p>\n\n\n\n<p>A menos de un mes para las elecciones en\u00a0<strong>Boca Juniors<\/strong>, diferentes l\u00edderes de las listas opositoras al oficialismo se reunir\u00e1n este mediod\u00eda para definir su futuro y aprobar una posible coalici\u00f3n que tendr\u00e1 como objetivo principal intentar destronar a<strong>\u00a0Juan Rom\u00e1n Riquelme\u00a0<\/strong>del poder en los comicios del s\u00e1bado 2 de diciembre (fecha que podr\u00eda atrasarse un d\u00eda si\u00a0<a rel=\"noreferrer noopener\" href=\"https:\/\/www.infobae.com\/politica\/2023\/11\/09\/la-daia-le-solicito-a-la-dirigencia-de-boca-juniors-que-modifique-la-fecha-de-las-elecciones-presidenciales\/\" target=\"_blank\"><strong>se hace lugar al pedido de la comunidad jud\u00eda por la celebraci\u00f3n del Shabat<\/strong><\/a>).<\/p>\n\n\n\n<p>El c\u00f3nclave pactado para las 13.30 se llevar\u00e1 a cabo en un hotel c\u00e9ntrico de la Ciudad de Buenos Aires y contar\u00e1 con varios comensales. El gran ausente ser\u00e1\u00a0<strong>Mauricio Macri<\/strong>, impulsor de Andr\u00e9s Ibarra como candidato de la principal fuerza opositora a la actual gesti\u00f3n. El ex presidente de Boca y la Naci\u00f3n se decidi\u00f3 a ser su compa\u00f1ero de f\u00f3rmula y empujar\u00e1 como vicepresidente primero.<\/p>\n\n\n\n<p>Los invitados al almuerzo son&nbsp;<strong>Andr\u00e9s Ibarra, Daniel Angelici, Jorge Reale, Diego Lajst, Javier Med\u00edn, Fran Quintana, Mario Pergolini, Alberto Salvo y Jos\u00e9 Beraldi<\/strong>. \u00bfCu\u00e1l es el rol de cada uno en el hipot\u00e9tico acuerdo de la oposici\u00f3n y qu\u00e9 papel cumplir\u00e1n si son electos?<\/p>\n\n\n\n<p>Desde hace rato, Ibarra le abri\u00f3 las puertas a Jorge Reale para que se sume a su espacio. El empresario mendocino, quien patrocina la idea de construir una nueva Bombonera en la Isla Demarchi, confirm\u00f3 que se convertir\u00eda como candidato independiente junto a su compa\u00f1ero de f\u00f3rmula Diego Lajst, que pertenece a\u00a0<em>Boca La Causa<\/em>\u00a0y es un directivo angelicista. Con los avales al d\u00eda y los papeles en orden para presentarse con impulso propio, a \u00faltima hora debatir\u00e1n junto a la otra pata de la oposici\u00f3n si es conveniente la uni\u00f3n.<\/p>\n\n\n\n<p>Hasta los \u00faltimos d\u00edas, Reale no hab\u00eda tomado partido por el oficialismo ni la oposici\u00f3n de Ibarra que se plantaba firmemente contra Riquelme y compa\u00f1\u00eda. Incluso durante el viaje a Brasil para ver la final de la Copa Libertadores existi\u00f3 una suerte de tregua con dirigentes que est\u00e1n bajo el ala de Rom\u00e1n por la cesi\u00f3n de algunas entradas para el duelo en el\u00a0<em>Maracan\u00e1<\/em>. Hasta el martes de esta semana, Reale reconoci\u00f3 que se mantendr\u00eda firme con su propuesta de cara a los comicios. Desde Boca Predio tomaron nota de su disponibilidad para sentarse a negociar una posible absorci\u00f3n para as\u00ed quitarle peso al movimiento de Macri e Ibarra, pero optaron por prescindir de la misma.\u00a0<strong>Un llamado entre Angelici y Lajst deriv\u00f3 en una reuni\u00f3n trunca que transcurri\u00f3 hace tres d\u00edas y no tuvo integrantes de la lista de Reale, pero dej\u00f3 la puerta abierta para el careo de hoy pese a que la relaci\u00f3n entre Ibarra y Reale no es 100% saludable.<\/strong><\/p>\n","protected":false},"excerpt":{"rendered":"<p>Diferentes l\u00edderes de las listas opositoras al oficialismo xeneize almorzar\u00e1n hoy en busca de una coalici\u00f3n que compita contra el \u00eddolo en las elecciones del 2 de diciembre. A menos&hellip; <\/p>\n","protected":false},"author":3,"featured_media":101623,"comment_status":"closed","ping_status":"open","sticky":false,"template":"","format":"standard","meta":{"footnotes":""},"categories":[4],"tags":[],"class_list":["post-101622","post","type-post","status-publish","format-standard","has-post-thumbnail","hentry","category-deportes"],"_links":{"self":[{"href":"https:\/\/corrientesdetarde.com\/index.php\/wp-json\/wp\/v2\/posts\/101622","targetHints":{"allow":["GET"]}}],"collection":[{"href":"https:\/\/corrientesdetarde.com\/index.php\/wp-json\/wp\/v2\/posts"}],"about":[{"href":"https:\/\/corrientesdetarde.com\/index.php\/wp-json\/wp\/v2\/types\/post"}],"author":[{"embeddable":true,"href":"https:\/\/corrientesdetarde.com\/index.php\/wp-json\/wp\/v2\/users\/3"}],"replies":[{"embeddable":true,"href":"https:\/\/corrientesdetarde.com\/index.php\/wp-json\/wp\/v2\/comments?post=101622"}],"version-history":[{"count":1,"href":"https:\/\/corrientesdetarde.com\/index.php\/wp-json\/wp\/v2\/posts\/101622\/revisions"}],"predecessor-version":[{"id":101625,"href":"https:\/\/corrientesdetarde.com\/index.php\/wp-json\/wp\/v2\/posts\/101622\/revisions\/101625"}],"wp:featuredmedia":[{"embeddable":true,"href":"https:\/\/corrientesdetarde.com\/index.php\/wp-json\/wp\/v2\/media\/101623"}],"wp:attachment":[{"href":"https:\/\/corrientesdetarde.com\/index.php\/wp-json\/wp\/v2\/media?parent=101622"}],"wp:term":[{"taxonomy":"category","embeddable":true,"href":"https:\/\/corrientesdetarde.com\/index.php\/wp-json\/wp\/v2\/categories?post=101622"},{"taxonomy":"post_tag","embeddable":true,"href":"https:\/\/corrientesdetarde.com\/index.php\/wp-json\/wp\/v2\/tags?post=101622"}],"curies":[{"name":"wp","href":"https:\/\/api.w.org\/{rel}","templated":true}]}}