{"id":101629,"date":"2023-11-11T10:35:43","date_gmt":"2023-11-11T13:35:43","guid":{"rendered":"https:\/\/corrientesdetarde.com\/?p=101629"},"modified":"2023-11-11T10:35:54","modified_gmt":"2023-11-11T13:35:54","slug":"la-historia-de-pepe-sand-el-goleador-highlander-que-dara-su-ultima-funcion-a-los-43-anos","status":"publish","type":"post","link":"https:\/\/corrientesdetarde.com\/index.php\/deportes\/la-historia-de-pepe-sand-el-goleador-highlander-que-dara-su-ultima-funcion-a-los-43-anos\/","title":{"rendered":"La historia de Pepe Sand, el goleador Highlander que dar\u00e1 su \u00faltima funci\u00f3n a los 43 a\u00f1os"},"content":{"rendered":"\n<h2 class=\"wp-block-heading\">Tras pasar por 16 equipos, jugar 756 partidos, marcar 317 goles y conseguir 6 t\u00edtulos, el futbolista le pondr\u00e1 fin a 24 a\u00f1os de trayectoria profesional<\/h2>\n\n\n\n<p>El punto de partida de su carrera profesional empez\u00f3 en 1999 con la camiseta de Col\u00f3n de Santa Fe. De ah\u00ed en m\u00e1s no par\u00f3, altern\u00f3 mejores y peores momentos, pero nunca la opci\u00f3n fue tirar la toalla.\u00a0<strong>Jos\u00e9\u00a0<\/strong><em><strong>Pepe<\/strong><\/em><strong>\u00a0Sand tiene 43 a\u00f1os<\/strong>\u00a0y una vigencia competitiva que lo llev\u00f3 hasta el mote de \u201cHighlander\u201d del f\u00fatbol. \u201cTrato de tener una conducta en el f\u00fatbol y en la vida\u201d, dijo en 2017, cuando todav\u00eda ten\u00eda 37, y muchos ya lo quer\u00edan jubilar. Es uno de los m\u00e1ximos \u00eddolos de\u00a0<strong>Lan\u00fas\u00a0<\/strong>y su artillero hist\u00f3rico. Este s\u00e1bado ser\u00e1 su \u00faltimo baile como futbolista y los hinchas del Granate anticiparon un emotivo festejo, en el que expondr\u00e1n un cotill\u00f3n del m\u00e1s variado y un lema que impregna nostalgia: \u201cEtern9\u2033.<\/p>\n\n\n\n<p><strong>\u201cPara m\u00ed es un orgullo. Est\u00e1 dentro de los 5-10 \u00eddolos de la historia del club.&nbsp;<\/strong>Es una alegr\u00eda participar dentro de este proceso y le deseo que encamine su carrera desde otro lugar, y que sea tan importante del mismo modo que lo fue como jugador\u201d, dijo Ricardo Zielinski (actual entrenador de Lan\u00fas) en la \u00faltima conferencia de prensa.<\/p>\n\n\n\n<p>Sand creci\u00f3 en Bella Vista, una ciudad de\u00a0<strong>Corrientes\u00a0<\/strong>de alrededor de 40 mil habitantes que se hace llamar la \u201ctierra de la naranja\u201d. Por influencia de su padre \u2013quien durante mucho tiempo fue arquero\u2013 se enamor\u00f3 del f\u00fatbol y junto a sus hermanos (Cesar y Dar\u00edo), lo \u00fanico que lo obsesionaba era estar con una pelota en los pies y levantar tierra en las canchas de su barrio. \u201cNo me acuerdo de tener un juego de Mario Bros o un Pac-Man, que era habitual en ese momento. Nos levant\u00e1bamos y est\u00e1bamos jugando al f\u00fatbol\u201d, dijo en una entrevista.<\/p>\n\n\n\n<p>Hasta los 9 a\u00f1os jug\u00f3 de arquero, pero como no toleraba que le hicieran goles, gracias a la insistencia de su madre, pas\u00f3 a ocupar la posici\u00f3n de delantero. \u201c<strong>Me hac\u00edan muchos goles, me pon\u00eda nervioso. No me gustaba que me hagan goles\u201d,\u00a0<\/strong>cont\u00f3. A parte de jugar a la pelota, trabaj\u00f3 en la plantaci\u00f3n de c\u00edtricos que tuvo su padre y vendi\u00f3 helados en una bicicleta.<\/p>\n","protected":false},"excerpt":{"rendered":"<p>Tras pasar por 16 equipos, jugar 756 partidos, marcar 317 goles y conseguir 6 t\u00edtulos, el futbolista le pondr\u00e1 fin a 24 a\u00f1os de trayectoria profesional El punto de partida&hellip; <\/p>\n","protected":false},"author":3,"featured_media":101630,"comment_status":"closed","ping_status":"open","sticky":false,"template":"","format":"standard","meta":{"footnotes":""},"categories":[4],"tags":[],"class_list":["post-101629","post","type-post","status-publish","format-standard","has-post-thumbnail","hentry","category-deportes"],"_links":{"self":[{"href":"https:\/\/corrientesdetarde.com\/index.php\/wp-json\/wp\/v2\/posts\/101629","targetHints":{"allow":["GET"]}}],"collection":[{"href":"https:\/\/corrientesdetarde.com\/index.php\/wp-json\/wp\/v2\/posts"}],"about":[{"href":"https:\/\/corrientesdetarde.com\/index.php\/wp-json\/wp\/v2\/types\/post"}],"author":[{"embeddable":true,"href":"https:\/\/corrientesdetarde.com\/index.php\/wp-json\/wp\/v2\/users\/3"}],"replies":[{"embeddable":true,"href":"https:\/\/corrientesdetarde.com\/index.php\/wp-json\/wp\/v2\/comments?post=101629"}],"version-history":[{"count":1,"href":"https:\/\/corrientesdetarde.com\/index.php\/wp-json\/wp\/v2\/posts\/101629\/revisions"}],"predecessor-version":[{"id":101631,"href":"https:\/\/corrientesdetarde.com\/index.php\/wp-json\/wp\/v2\/posts\/101629\/revisions\/101631"}],"wp:featuredmedia":[{"embeddable":true,"href":"https:\/\/corrientesdetarde.com\/index.php\/wp-json\/wp\/v2\/media\/101630"}],"wp:attachment":[{"href":"https:\/\/corrientesdetarde.com\/index.php\/wp-json\/wp\/v2\/media?parent=101629"}],"wp:term":[{"taxonomy":"category","embeddable":true,"href":"https:\/\/corrientesdetarde.com\/index.php\/wp-json\/wp\/v2\/categories?post=101629"},{"taxonomy":"post_tag","embeddable":true,"href":"https:\/\/corrientesdetarde.com\/index.php\/wp-json\/wp\/v2\/tags?post=101629"}],"curies":[{"name":"wp","href":"https:\/\/api.w.org\/{rel}","templated":true}]}}