{"id":101815,"date":"2023-11-12T11:05:18","date_gmt":"2023-11-12T14:05:18","guid":{"rendered":"https:\/\/corrientesdetarde.com\/?p=101815"},"modified":"2023-11-12T11:09:42","modified_gmt":"2023-11-12T14:09:42","slug":"corrientes-espera-reunion-clave-para-contar-con-la-vacuna-contra-el-dengue","status":"publish","type":"post","link":"https:\/\/corrientesdetarde.com\/index.php\/bienestar-y-salud\/corrientes-espera-reunion-clave-para-contar-con-la-vacuna-contra-el-dengue\/","title":{"rendered":"Salud P\u00fablica Correntina: a la espera de una reuni\u00f3n clave para contar con la vacuna contra el dengue"},"content":{"rendered":"\n<p>Referentes de la Salud P\u00fablica correntina participar\u00e1n ma\u00f1ana de un c\u00f3nclave en el Ministerio de Salud de la Naci\u00f3n para conocer c\u00f3mo se avanzar\u00e1 con la inmunizaci\u00f3n en las provincias con mayor presencia de la enfermedad.<\/p>\n\n\n\n<p>La vacuna contra el dengue ya est\u00e1 disponible en el pa\u00eds. El \u00faltimo jueves, la Administraci\u00f3n Nacional de Medicamentos, Alimentos y Tecnolog\u00eda M\u00e9dica (ANMAT) aprob\u00f3 la comercializaci\u00f3n en el territorio nacional de la inoculaci\u00f3n desarrollada por el laboratorio japon\u00e9s Takeda. Por el momento est\u00e1 disponible en vacunatorios privados, a un costo de $38.000 por dosis.<\/p>\n\n\n\n<p>Al menos dos provincias anunciaron la compra de dosis y su inmediata aplicaci\u00f3n. De todas formas no se descarta que el Gobierno nacional convierta en obligatoria y gratuita su inoculaci\u00f3n en distritos end\u00e9micos.<\/p>\n\n\n\n<p>Fuentes oficiales de la Direcci\u00f3n de Epidemiolog\u00eda del Ministerio de Salud de la Provincia comentaron que todos los referentes provinciales participar\u00e1n ma\u00f1ana de una reuni\u00f3n del Consejo Federal de Salud (COFESA) en Buenos Aires. La llegada de las inmunizaciones a los hospitales p\u00fablicos y su incorporaci\u00f3n al calendario nacional de vacunaci\u00f3n ser\u00e1 un tema de agenda. A partir de la junta, las autoridades provinciales sabr\u00e1n si deber\u00e1n esperar las vacunas o bien lanzarse al mercado para obtenerlas.<\/p>\n\n\n\n<p>Misma incertidumbre se viv\u00eda esta semana en tierras misioneras, uno de los distritos con m\u00e1s prevalencia de la enfermedad. El ministro de Salud P\u00fablica, Oscar Alarc\u00f3n, se\u00f1al\u00f3 al diario El Territorio: &#8220;Est\u00e1n haciendo aparentemente una prueba piloto en San Juan (desde el laboratorio Takeda) y aparentemente Salta va a comprar al laboratorio unas 300.000 dosis; pero hasta el momento es todo incierto. Tenemos todas las especificaciones de la vacuna pero todav\u00eda desde el Ministerio de Salud de la Naci\u00f3n no nos dieron los lineamientos y estamos esperando&#8221;.<\/p>\n\n\n\n<p>Alarc\u00f3n se\u00f1al\u00f3 que la Naci\u00f3n est\u00e1 trabajando con la Comisi\u00f3n Nacional de Inmunizaciones (CONAIN) para incorporar las dosis en el calendario nacional. &#8220;El lunes 13 tenemos Consejo Federal de Salud (COFESA) y ah\u00ed se ver\u00e1n todos los lineamientos y las situaciones&#8221;, coment\u00f3.<\/p>\n\n\n\n<p>Qui\u00e9n se anticip\u00f3 a todas las disposiciones nacionales fue Salta. El Gobierno provincial est\u00e1 a la espera de 300 mil dosis para iniciar la inmunizaci\u00f3n en los departamentos Or\u00e1n, San Mart\u00edn y Rivadavia. Se aplicar\u00e1n en una primera etapa a individuos de entre 25 y 39 a\u00f1os. En total se espera llegar a 15.000 personas, ya que la vacuna consta de dos aplicaciones.<\/p>\n\n\n\n<figure class=\"wp-block-image\"><img decoding=\"async\" src=\"https:\/\/www.diarioepoca.com\/content\/bucket\/0\/1330700w380h1305c.jpg.webp\" alt=\"\"\/><\/figure>\n\n\n\n<h2 class=\"wp-block-heading\">Detalles de la inmunizaci\u00f3n<\/h2>\n\n\n\n<p>El laboratorio Takeda comunic\u00f3 esta semana que la vacuna est\u00e1 disponible en el pa\u00eds. A trav\u00e9s de un comunicado aclar\u00f3 que se la pueden aplicar -con receta m\u00e9dica- todas aquellas personas a partir de los 4 a\u00f1os y se la encuentra en vacunatorios privados y pr\u00f3ximamente en farmacias. El esquema completo indica que deben aplicarse en un intervalo de tres meses.<\/p>\n\n\n\n<p>De visita por nuestro pa\u00eds, el doctor Derek Wallace, jefe Global del Programa de Dengue de Takeda, present\u00f3 en detalle los resultados a 5 a\u00f1os del estudio cl\u00ednico TIDES, que demostraron que luego de la aplicaci\u00f3n se observ\u00f3 una reducci\u00f3n del 84% de las internaciones por dengue y una disminuci\u00f3n del 61% en los registros de dengue sintom\u00e1tico. La investigaci\u00f3n incluy\u00f3 a m\u00e1s de 20 mil voluntarios y se realiz\u00f3 en 5 pa\u00edses end\u00e9micos de Latinoam\u00e9rica (Brasil, Colombia, Rep\u00fablica Dominicana, Nicaragua y Panam\u00e1) y 3 de Asia (Sri Lanka, Tailandia y Filipinas).<\/p>\n","protected":false},"excerpt":{"rendered":"<p>Referentes de la Salud P\u00fablica correntina participar\u00e1n ma\u00f1ana de un c\u00f3nclave en el Ministerio de Salud de la Naci\u00f3n para conocer c\u00f3mo se avanzar\u00e1 con la inmunizaci\u00f3n en las provincias&hellip; <\/p>\n","protected":false},"author":4,"featured_media":101825,"comment_status":"closed","ping_status":"open","sticky":false,"template":"","format":"standard","meta":{"footnotes":""},"categories":[16],"tags":[],"class_list":["post-101815","post","type-post","status-publish","format-standard","has-post-thumbnail","hentry","category-bienestar-y-salud"],"_links":{"self":[{"href":"https:\/\/corrientesdetarde.com\/index.php\/wp-json\/wp\/v2\/posts\/101815","targetHints":{"allow":["GET"]}}],"collection":[{"href":"https:\/\/corrientesdetarde.com\/index.php\/wp-json\/wp\/v2\/posts"}],"about":[{"href":"https:\/\/corrientesdetarde.com\/index.php\/wp-json\/wp\/v2\/types\/post"}],"author":[{"embeddable":true,"href":"https:\/\/corrientesdetarde.com\/index.php\/wp-json\/wp\/v2\/users\/4"}],"replies":[{"embeddable":true,"href":"https:\/\/corrientesdetarde.com\/index.php\/wp-json\/wp\/v2\/comments?post=101815"}],"version-history":[{"count":4,"href":"https:\/\/corrientesdetarde.com\/index.php\/wp-json\/wp\/v2\/posts\/101815\/revisions"}],"predecessor-version":[{"id":101830,"href":"https:\/\/corrientesdetarde.com\/index.php\/wp-json\/wp\/v2\/posts\/101815\/revisions\/101830"}],"wp:featuredmedia":[{"embeddable":true,"href":"https:\/\/corrientesdetarde.com\/index.php\/wp-json\/wp\/v2\/media\/101825"}],"wp:attachment":[{"href":"https:\/\/corrientesdetarde.com\/index.php\/wp-json\/wp\/v2\/media?parent=101815"}],"wp:term":[{"taxonomy":"category","embeddable":true,"href":"https:\/\/corrientesdetarde.com\/index.php\/wp-json\/wp\/v2\/categories?post=101815"},{"taxonomy":"post_tag","embeddable":true,"href":"https:\/\/corrientesdetarde.com\/index.php\/wp-json\/wp\/v2\/tags?post=101815"}],"curies":[{"name":"wp","href":"https:\/\/api.w.org\/{rel}","templated":true}]}}