{"id":101817,"date":"2023-11-12T11:31:18","date_gmt":"2023-11-12T14:31:18","guid":{"rendered":"https:\/\/corrientesdetarde.com\/?p=101817"},"modified":"2023-11-12T11:31:30","modified_gmt":"2023-11-12T14:31:30","slug":"paulo-dybala-dio-detalles-de-su-boda-con-oriana-sabatini-donde-se-casaran","status":"publish","type":"post","link":"https:\/\/corrientesdetarde.com\/index.php\/espectaculos\/paulo-dybala-dio-detalles-de-su-boda-con-oriana-sabatini-donde-se-casaran\/","title":{"rendered":"Paulo Dybala dio detalles de su boda con Oriana Sabatini: \u00bfd\u00f3nde se casar\u00e1n?"},"content":{"rendered":"\n<p>El futbolista tambi\u00e9n cont\u00f3 c\u00f3mo plane\u00f3 la propuesta de matrimonio.<\/p>\n\n\n\n<p><strong>Paulo Dybala<\/strong>\u00a0ofreci\u00f3 una entrevista con\u00a0<em>El Doce<\/em>\u00a0para hablar de su\u00a0casamiento con<strong>\u00a0Oriana Sabatini<\/strong>,\u00a0luego de la propuesta que le hizo en la Fontana di Trevi, en la ciudad de Roma, en Italia. El delantero cordob\u00e9s, que actualmente juega en el AS Roma, no dud\u00f3 en arrodillarse y mostrar un costoso anillo que luego Oriana se coloc\u00f3 y se tom\u00f3 una foto de la mano para oficializar el compromiso en redes sociales y contarle al mundo la feliz noticia.<\/p>\n\n\n\n<figure class=\"wp-block-embed is-type-video is-provider-youtube wp-block-embed-youtube wp-embed-aspect-16-9 wp-has-aspect-ratio\"><div class=\"wp-block-embed__wrapper\">\n<iframe loading=\"lazy\" title=\"Paulo Dybala revel\u00f3 detalles in\u00e9ditos de la propuesta de casamiento a Oriana Sabatini\" width=\"1110\" height=\"624\" src=\"https:\/\/www.youtube.com\/embed\/HhwbiSyxWNQ?feature=oembed\" frameborder=\"0\" allow=\"accelerometer; autoplay; clipboard-write; encrypted-media; gyroscope; picture-in-picture; web-share\" allowfullscreen><\/iframe>\n<\/div><\/figure>\n\n\n\n<p>\u201cLo tuve que planear. Estaba decidido y quer\u00eda que sea ah\u00ed, quer\u00eda sorprenderla\u201d, comenz\u00f3 a contar Dybala, quien cont\u00f3 con la colaboraci\u00f3n de todo su grupo de amigos, que actuaron como c\u00f3mplices: \u201cEl video lo filma un amigo. Estaban mis amigos, hab\u00edamos ido a cenar y<strong>&nbsp;eran todos c\u00f3mplices. Estaba todo preparado, sab\u00edan el papel que cumplir cada uno y fueron actores de lujo\u201d.<\/strong><\/p>\n\n\n\n<p><strong>\u201cComo Oriana no sab\u00eda, hac\u00edamos indirectas, pero nunca las agarr\u00f3<\/strong>. En un momento se larg\u00f3 a llover y dije \u2018se suspende\u2019\u201d, record\u00f3 el jugador.<\/p>\n\n\n\n<p>Dybala cont\u00f3 que, a pesar de estar viviendo en Europa, su deseo es casarse en la Argentina, donde est\u00e1n sus seres queridos:&nbsp;<strong>\u201cLa idea es hacerlo en Argentina para estar con nuestras familias y amigos. Yo ya cumpl\u00ed con lo m\u00edo, ahora se tiene que encargar ella de la organizaci\u00f3n\u201d.<\/strong><\/p>\n\n\n\n<p>En una entrevista que le hicieron este a\u00f1o, la cantante, de 27 a\u00f1os, revel\u00f3 que ten\u00eda muchas ganas de dar el paso.&nbsp;<strong>\u201cMiro propuestas de casamiento por internet. \u00c9l sue\u00f1a con ser padre, yo sue\u00f1o con el casamiento\u201d<\/strong>, hab\u00eda revelado la hija de&nbsp;<strong>Catherine Fulop y Osvaldo Sabatini<\/strong>.<\/p>\n\n\n\n<p><strong>Paulo Dybala y Oriana Sabatini est\u00e1n juntos desde 2018<\/strong>. Ella contin\u00faa haciendo su m\u00fasica mientras lo acompa\u00f1a viviendo a su lado en Europa. Pasaron juntos la pandemia del COVID 19 y estuvieron contagiados y aislados en los primeros momentos de la enfermedad.<\/p>\n","protected":false},"excerpt":{"rendered":"<p>El futbolista tambi\u00e9n cont\u00f3 c\u00f3mo plane\u00f3 la propuesta de matrimonio. Paulo Dybala\u00a0ofreci\u00f3 una entrevista con\u00a0El Doce\u00a0para hablar de su\u00a0casamiento con\u00a0Oriana Sabatini,\u00a0luego de la propuesta que le hizo en la Fontana&hellip; <\/p>\n","protected":false},"author":4,"featured_media":101831,"comment_status":"closed","ping_status":"open","sticky":false,"template":"","format":"standard","meta":{"footnotes":""},"categories":[19],"tags":[],"class_list":["post-101817","post","type-post","status-publish","format-standard","has-post-thumbnail","hentry","category-espectaculos"],"_links":{"self":[{"href":"https:\/\/corrientesdetarde.com\/index.php\/wp-json\/wp\/v2\/posts\/101817","targetHints":{"allow":["GET"]}}],"collection":[{"href":"https:\/\/corrientesdetarde.com\/index.php\/wp-json\/wp\/v2\/posts"}],"about":[{"href":"https:\/\/corrientesdetarde.com\/index.php\/wp-json\/wp\/v2\/types\/post"}],"author":[{"embeddable":true,"href":"https:\/\/corrientesdetarde.com\/index.php\/wp-json\/wp\/v2\/users\/4"}],"replies":[{"embeddable":true,"href":"https:\/\/corrientesdetarde.com\/index.php\/wp-json\/wp\/v2\/comments?post=101817"}],"version-history":[{"count":1,"href":"https:\/\/corrientesdetarde.com\/index.php\/wp-json\/wp\/v2\/posts\/101817\/revisions"}],"predecessor-version":[{"id":101832,"href":"https:\/\/corrientesdetarde.com\/index.php\/wp-json\/wp\/v2\/posts\/101817\/revisions\/101832"}],"wp:featuredmedia":[{"embeddable":true,"href":"https:\/\/corrientesdetarde.com\/index.php\/wp-json\/wp\/v2\/media\/101831"}],"wp:attachment":[{"href":"https:\/\/corrientesdetarde.com\/index.php\/wp-json\/wp\/v2\/media?parent=101817"}],"wp:term":[{"taxonomy":"category","embeddable":true,"href":"https:\/\/corrientesdetarde.com\/index.php\/wp-json\/wp\/v2\/categories?post=101817"},{"taxonomy":"post_tag","embeddable":true,"href":"https:\/\/corrientesdetarde.com\/index.php\/wp-json\/wp\/v2\/tags?post=101817"}],"curies":[{"name":"wp","href":"https:\/\/api.w.org\/{rel}","templated":true}]}}