{"id":101819,"date":"2023-11-12T10:55:08","date_gmt":"2023-11-12T13:55:08","guid":{"rendered":"https:\/\/corrientesdetarde.com\/?p=101819"},"modified":"2023-11-12T11:06:22","modified_gmt":"2023-11-12T14:06:22","slug":"dirigentes-bonaerenses-de-jxc-encuadrados-con-rodriguez-larreta-anuncian-su-apoyo-a-massa","status":"publish","type":"post","link":"https:\/\/corrientesdetarde.com\/index.php\/nacionales\/dirigentes-bonaerenses-de-jxc-encuadrados-con-rodriguez-larreta-anuncian-su-apoyo-a-massa\/","title":{"rendered":"Dirigentes bonaerenses de JxC encuadrados con Rodr\u00edguez Larreta y Bullrich anuncian su apoyo a Massa"},"content":{"rendered":"\n<p>(Corresponsal\u00eda Buenos Aires) En la previa de un debate presidencial definitorio y a una semana de la votaci\u00f3n que elegir\u00e1 al pr\u00f3ximo Presidente argentino, los crujidos dentro de la alianza opositora de Juntos por el Cambio no dejan de escucharse en toda la geograf\u00eda del pa\u00eds. Y la novedad es que a pesar del fuerte pronunciamiento del lider hist\u00f3rico de ese espacio, Mauricio Macri, en favor de Javier Milei, los posicionamientos en favor de Sergio Massa en el universo cambiemita siguen sucedi\u00e9ndose, antes por temor a las propuestas del libertario que por amor a la gesti\u00f3n -y promesas- del actual ministro de econom\u00eda.<br>Florencia Casamiquela, excandidata a intendenta de Florencio Varela por la lista de Horacio Rodr\u00edguez Larreta, fue una de las referentes del conurbano bonaerense que ratific\u00f3 su apoyo al candidato de Uni\u00f3n por la Patria. Pero en el anuncio asegur\u00f3 que no est\u00e1 sola en esa decisi\u00f3n y que hay m\u00e1s dirigentes de su espacio que sumar\u00e1n su apoyo por la elecci\u00f3n de Massa.<br>&#8220;Empezamos en una discusi\u00f3n de orden y valores pre-pol\u00edticas, que hacen a lo que nos caracteriza como comunidad, como naci\u00f3n. Por eso esta necesidad de los dirigentes de dar a conocer cu\u00e1l es nuestro posicionamiento frente a esto&#8221;, se\u00f1al\u00f3 Casamiquela en di\u00e1logo con la locutora y periodista Marcela Feudale por FM CIELO.<br>En ese plano, sostuvo que el apoyo a Massa se da por &#8220;una necesidad de no convalidar con mi silencio esas jugarretas electorales que hicieron dirigentes de Juntos por el Cambio&#8221;, ya que &#8220;el acompa\u00f1amiento de Patricia Bullrich a Milei resulta curioso; 20 d\u00edas atr\u00e1s hac\u00eda p\u00fablicas sus diferencias y ahora, de repente, lo encuentra como el candidato que va a transformar el pa\u00eds&#8221;.<br>&#8220;Yo encuentro ah\u00ed una pulsi\u00f3n de odio que es muy triste y nos va a llevar a una situaci\u00f3n compleja en t\u00e9rminos econ\u00f3micos&#8221;, asever\u00f3 la abogada.<br>En ese plano, se\u00f1al\u00f3 que el objetivo que persigue junto a sus pares de JxC es &#8220;avanzar en las transformaciones que la Argentina necesita&#8221;, por lo que &#8220;toda la dirigencia, independientemente de lo partidario, tiene que sacar este pa\u00eds adelante. tenemos dos opciones: una nos lleva al abismo, al odio, al rencor, a la locura y se llama Javier Milei, la otra es la unidad nacional poniendo la celeste y blanca adelante&#8221;.<br>&#8220;Me siento convocada por historia, tengo una necesidad de mirar a los ojos a mis hijos y decirles que dej\u00e9 todo para defender a nuestro pa\u00eds. Es lo que nos moviliza a muchos que formamos parte de Juntos por el Cambio y tenemos la misma decisi\u00f3n&#8221;, postul\u00f3.<br>Por caso, manifest\u00f3 que en estos d\u00edas habr\u00e1 un encuentro entre varios dirigentes que pertenecen a JxC y se\u00f1al\u00f3: &#8220;Yo estuve hablando con much\u00edsimos, la gran mayor\u00eda coincide con este punto de vista. Algunos lo dicen a todo p\u00fablico, otros no. En la Provincia es muy complicado el lugar en que se pretendi\u00f3 poner a los candidatos con esta alianza que tiene por finalidad un proceso de saqueo y de entrega de la soberan\u00eda&#8221;.<br>&#8220;Juntos por el Cambio se dinamit\u00f3, fue muy claro cuando se hizo entre gallos y medianoche ese acuerdo dif\u00edcil de comprender con Milei, que vaya uno a saber cu\u00e1les son los objetivos \u00faltimos. No veo punto de encuentro con las locuras que plantea Javier Milei. Estamos convocando a defender a nuestra patria, el domingo 19 vayan a votar no con miedo, sino con un sentimiento de patriotismo&#8221;, cerr\u00f3.<br>Se trata de excandidatos a intendente y concejales que mantienen sus cargos en diferentes municipios de la Provincia. El comunicado difundido se titula &#8220;Ni odio ni desquicio, unidad nacional y cordura&#8221;. En su primer p\u00e1rrafo, aclaran que los dirigentes firmantes son &#8220;provenientes de ambas l\u00edneas internas encabezadas por Patricia Bullrich y Horacio Rodr\u00edguez Larreta&#8221;.<br>&#8220;El 19 de noviembre nos enfrentamos a una elecci\u00f3n que asume el car\u00e1cter de un verdadero existencial&#8221;, asegura el texto, que contin\u00faa: &#8220;Son dos las propuestas en juego y ambas expresan un universo de valores antag\u00f3nicos que refieren a miradas encontradas respecto de la democracia, las pol\u00edticas de Memoria, Verdad y Justicia, los derechos de nuestros ni\u00f1os y de la ancianidad, el concepto de igualdad de oportunidades, los derechos que hacen a la dignidad del trabajador, el federalismo, las libertades individuales, la institucionalidad republicana&#8221;.<br>En ese sentido, los dirigentes de Juntos por el Cambio consideraron que &#8220;Milei representa la propuesta que exacerba antagonismos, promueve el odio ciego y sientas las bases para una verdadera fractura social que permita un nuevo saqueo de nuestras riquezas, un nuevo y brutal proceso de fuga del capital nacional acumulado, la p\u00e9rdida de soberan\u00eda y, en definitiva, el crecimiento exponencial de la desigualdad y la pobreza&#8221;.<br>Adem\u00e1s, apuntaron que &#8220;sus desbordes emocionales son el s\u00edntoma inapelable de la ausencia de equilibrio, humildad, templanza y razonabilidad, representando as\u00ed un verdadero peligro para la paz social y la convivencia democr\u00e1tica&#8221;. Sin embargo, reconocen que &#8220;hay balotaje porque nadie re\u00fane per se la fuerza suficiente para expresar un proyecto de mayor\u00edas. De ah\u00ed surge la necesidad de recomponer la representatividad de la pol\u00edtica y de procurar la superar de un esquema de fragmentaci\u00f3n y divisionismo que s\u00f3lo genera la reproducci\u00f3n del status quo&#8221;.<br>Para finalizar, consideran que &#8220;el 19 de noviembre se elige entre el odio y el llamado a la unidad nacional: entre la bochornosa propuesta dolarizadora y la soberan\u00eda monetaria&#8221;. Es en ese marco que afirman que &#8220;con independencia de las pertenencias o posicionamientos pol\u00edticos de cada quien, convocamos a votar a Sergio Massa Presidente&#8221;.<\/p>\n","protected":false},"excerpt":{"rendered":"<p>(Corresponsal\u00eda Buenos Aires) En la previa de un debate presidencial definitorio y a una semana de la votaci\u00f3n que elegir\u00e1 al pr\u00f3ximo Presidente argentino, los crujidos dentro de la alianza&hellip; <\/p>\n","protected":false},"author":11,"featured_media":101822,"comment_status":"closed","ping_status":"open","sticky":false,"template":"","format":"standard","meta":{"footnotes":""},"categories":[10],"tags":[],"class_list":["post-101819","post","type-post","status-publish","format-standard","has-post-thumbnail","hentry","category-nacionales"],"_links":{"self":[{"href":"https:\/\/corrientesdetarde.com\/index.php\/wp-json\/wp\/v2\/posts\/101819","targetHints":{"allow":["GET"]}}],"collection":[{"href":"https:\/\/corrientesdetarde.com\/index.php\/wp-json\/wp\/v2\/posts"}],"about":[{"href":"https:\/\/corrientesdetarde.com\/index.php\/wp-json\/wp\/v2\/types\/post"}],"author":[{"embeddable":true,"href":"https:\/\/corrientesdetarde.com\/index.php\/wp-json\/wp\/v2\/users\/11"}],"replies":[{"embeddable":true,"href":"https:\/\/corrientesdetarde.com\/index.php\/wp-json\/wp\/v2\/comments?post=101819"}],"version-history":[{"count":2,"href":"https:\/\/corrientesdetarde.com\/index.php\/wp-json\/wp\/v2\/posts\/101819\/revisions"}],"predecessor-version":[{"id":101827,"href":"https:\/\/corrientesdetarde.com\/index.php\/wp-json\/wp\/v2\/posts\/101819\/revisions\/101827"}],"wp:featuredmedia":[{"embeddable":true,"href":"https:\/\/corrientesdetarde.com\/index.php\/wp-json\/wp\/v2\/media\/101822"}],"wp:attachment":[{"href":"https:\/\/corrientesdetarde.com\/index.php\/wp-json\/wp\/v2\/media?parent=101819"}],"wp:term":[{"taxonomy":"category","embeddable":true,"href":"https:\/\/corrientesdetarde.com\/index.php\/wp-json\/wp\/v2\/categories?post=101819"},{"taxonomy":"post_tag","embeddable":true,"href":"https:\/\/corrientesdetarde.com\/index.php\/wp-json\/wp\/v2\/tags?post=101819"}],"curies":[{"name":"wp","href":"https:\/\/api.w.org\/{rel}","templated":true}]}}