{"id":101872,"date":"2023-11-12T20:18:24","date_gmt":"2023-11-12T23:18:24","guid":{"rendered":"https:\/\/corrientesdetarde.com\/?p=101872"},"modified":"2023-11-12T20:18:35","modified_gmt":"2023-11-12T23:18:35","slug":"reportan-olores-desagradables-en-varios-sectores-de-la-capital-correntina","status":"publish","type":"post","link":"https:\/\/corrientesdetarde.com\/index.php\/informacion-general\/reportan-olores-desagradables-en-varios-sectores-de-la-capital-correntina\/","title":{"rendered":"Reportan olores desagradables en varios sectores de la Capital correntina."},"content":{"rendered":"\n<h2 class=\"wp-block-heading\">Debido a la imposibilidad de evacuar las aguas servidas, desde los desag\u00fces de la ciudad emana un hedor muy penetrante, lo que ocasion\u00f3 m\u00faltiples quejas de los vecinos al no poder soportar semejante hediondez saliendo de las cloacas.<\/h2>\n\n\n\n<p>La ciudad de Corrientes sufre las consecuencias de la creciente del r\u00edo Paran\u00e1, en lo que respecta a los barrios ribere\u00f1os de la capital. A pesar de no ser mucha la cantidad de evacuados, ya que la gente no se quiere retirar de sus hogares pese al avance de las aguas por robos, este tipo de eventos naturales acarrea un sinf\u00edn de inconvenientes, no solamente para esas personas que sufren la desdicha de la crecida, sino que los efectos secundarios afecta a toda la poblaci\u00f3n.<\/p>\n\n\n\n<p>Cabe recordar que la ciudad de Corrientes no recib\u00eda semejante cantidad de agua hace aproximadamente ocho a\u00f1os, cuando se registr\u00f3 la \u00faltima gran creciente del Paran\u00e1 en nuestras costas, pero en esa oportunidad hubo una mayor cantidad de evacuados.<\/p>\n\n\n\n<p>Pero la creciente no solamente complica a las zonas ribere\u00f1as, que son las que est\u00e1n sufriendo en este momento los m\u00e1s de siete metros que est\u00e1 midiendo actualmente el r\u00edo a la altura del puerto de Corrientes, ya que en varios sectores de la ciudad se puede percibir un penetrante olor nauseabundo como consecuencia de la obstrucci\u00f3n de los principales desag\u00fces de la ciudad.<\/p>\n\n\n\n<p>Esto no quiere decir que los mismos se encuentren tapados por basura, sino que solamente no pueden evacuar la gran cantidad de agua que hay por la creciente del Paran\u00e1, lo que implica el no poder escurrir las aguas servidas por la vertiente natural que desemboca en el Paran\u00e1.<\/p>\n\n\n<div class=\"wp-block-image\">\n<figure class=\"aligncenter\"><img decoding=\"async\" src=\"https:\/\/www.diarioepoca.com\/content\/bucket\/8\/1330708w380h235c.jpg.webp\" alt=\"\"\/><\/figure>\n<\/div>\n\n\n<p>Esta complicaci\u00f3n hace que lugares como el pilet\u00f3n del parque Camba Cu\u00e1, uno de los lugares recreativos m\u00e1s concurridos por los capitalinos, no pueda evacuar el agua hace algo m\u00e1s de una semana, hace que diferentes actividades que se planean cada fin de semana en dicho espacio tengan que ser suspendidas o reprogramadas.<\/p>\n\n\n\n<p>Nada tiene que ver este olor con posibles drenajes obstruidos en la ciudad, ya que el Plan H\u00eddrico pudo hacer que el agua ca\u00edda por las lluvias en la ciudad pueda ser drenada r\u00e1pidamente, pero en este caso no se puede si la represa m\u00e1s grande de Argentina, como lo es Yacyret\u00e1, decide abrir sus compuertas y lo que pasa luego ya lo conocemos porque con la naturaleza, en especial con el agua, solo queda quitarse del camino.<\/p>\n\n\n\n<p>Pero retomando el tema de los fuertes olores, varios sectores de la ciudad, no solamente c\u00e9ntricos sino tambi\u00e9n en el \u00e1rea perif\u00e9rica, reportaron emanaciones nauseabundas, lo que provoc\u00f3 el malestar de los vecinos, quienes hac\u00edan visible su molestia en las redes sociales y que tiene como consecuencia el fen\u00f3meno que inund\u00f3 la ciudad.<\/p>\n\n\n\n<p>Los reclamos se hicieron m\u00e1s evidentes en el nuevo m\u00e9todo que tiene la gente para quejarse como lo son las redes sociales, por el olor generado por la descomposici\u00f3n de materiales org\u00e1nicos (heces) que se generaron con la crecida del r\u00edo que no la deja evacuar hasta su desembocadura al r\u00edo Paran\u00e1.<\/p>\n\n\n<div class=\"wp-block-image\">\n<figure class=\"aligncenter\"><img decoding=\"async\" src=\"https:\/\/www.diarioepoca.com\/content\/bucket\/9\/1330709w380h191c.jpg.webp\" alt=\"\"\/><figcaption>EL CENTRO DEL PARQUE CAMBA CU\u00c1 SE ENCUENTRA CON AGUA DESDE HACE M\u00c1S DE UNA SEMANA.<\/figcaption><\/figure>\n<\/div>","protected":false},"excerpt":{"rendered":"<p>Debido a la imposibilidad de evacuar las aguas servidas, desde los desag\u00fces de la ciudad emana un hedor muy penetrante, lo que ocasion\u00f3 m\u00faltiples quejas de los vecinos al no&hellip; <\/p>\n","protected":false},"author":6,"featured_media":101876,"comment_status":"closed","ping_status":"open","sticky":false,"template":"","format":"standard","meta":{"footnotes":""},"categories":[1],"tags":[],"class_list":["post-101872","post","type-post","status-publish","format-standard","has-post-thumbnail","hentry","category-informacion-general"],"_links":{"self":[{"href":"https:\/\/corrientesdetarde.com\/index.php\/wp-json\/wp\/v2\/posts\/101872","targetHints":{"allow":["GET"]}}],"collection":[{"href":"https:\/\/corrientesdetarde.com\/index.php\/wp-json\/wp\/v2\/posts"}],"about":[{"href":"https:\/\/corrientesdetarde.com\/index.php\/wp-json\/wp\/v2\/types\/post"}],"author":[{"embeddable":true,"href":"https:\/\/corrientesdetarde.com\/index.php\/wp-json\/wp\/v2\/users\/6"}],"replies":[{"embeddable":true,"href":"https:\/\/corrientesdetarde.com\/index.php\/wp-json\/wp\/v2\/comments?post=101872"}],"version-history":[{"count":1,"href":"https:\/\/corrientesdetarde.com\/index.php\/wp-json\/wp\/v2\/posts\/101872\/revisions"}],"predecessor-version":[{"id":101877,"href":"https:\/\/corrientesdetarde.com\/index.php\/wp-json\/wp\/v2\/posts\/101872\/revisions\/101877"}],"wp:featuredmedia":[{"embeddable":true,"href":"https:\/\/corrientesdetarde.com\/index.php\/wp-json\/wp\/v2\/media\/101876"}],"wp:attachment":[{"href":"https:\/\/corrientesdetarde.com\/index.php\/wp-json\/wp\/v2\/media?parent=101872"}],"wp:term":[{"taxonomy":"category","embeddable":true,"href":"https:\/\/corrientesdetarde.com\/index.php\/wp-json\/wp\/v2\/categories?post=101872"},{"taxonomy":"post_tag","embeddable":true,"href":"https:\/\/corrientesdetarde.com\/index.php\/wp-json\/wp\/v2\/tags?post=101872"}],"curies":[{"name":"wp","href":"https:\/\/api.w.org\/{rel}","templated":true}]}}