{"id":101880,"date":"2023-11-12T21:02:54","date_gmt":"2023-11-13T00:02:54","guid":{"rendered":"https:\/\/corrientesdetarde.com\/?p=101880"},"modified":"2023-11-12T21:03:05","modified_gmt":"2023-11-13T00:03:05","slug":"pronostico-del-tiempo-para-este-lunes-hay-alerta-amarilla-y-naranja","status":"publish","type":"post","link":"https:\/\/corrientesdetarde.com\/index.php\/clima\/pronostico-del-tiempo-para-este-lunes-hay-alerta-amarilla-y-naranja\/","title":{"rendered":"Pron\u00f3stico del tiempo para este lunes: hay alerta amarilla y naranja."},"content":{"rendered":"\n<h2 class=\"wp-block-heading\">El SMN inform\u00f3 que para este lunes habr\u00e1 una alerta naranja para localidades del sur y centro de la provincia. Mientras que en las ciudades del norte hay una alerta amarilla.<\/h2>\n\n\n\n<p>Seg\u00fan detall\u00f3 el Servicio Meteorol\u00f3gico Nacional (SMN)&nbsp;para este lunes se espera una alerta naranja y amarilla en la provincia de Corrientes. El primer caso afectar\u00eda a las localidades del sur y centro, mientras que la segunda corresponde a ciudades del norte.<\/p>\n\n\n\n<p>Para las localidades bajo alerta naranja, hay probabilidades de ca\u00edda de granizo, r\u00e1fagas intensas, fuerte actividad el\u00e9ctrica y principalmente abundante ca\u00edda de agua en cortos per\u00edodos.<\/p>\n\n\n\n<p>Mientras que las localidades bajo alerta amarilla ser\u00e1n afectadas por tormentas, algunas localmente fuertes. Se espera que las mismas est\u00e9n acompa\u00f1adas por r\u00e1fagas fuertes y abundante ca\u00edda de agua en cortos per\u00edodos.<\/p>\n\n\n\n<figure class=\"wp-block-image\"><a href=\"https:\/\/www.radiosudamericana.com\/notix\/multimedia\/imagenes\/fotos\/2023-11-12\/879801.png\"><img decoding=\"async\" src=\"https:\/\/www.radiosudamericana.com\/notix\/multimedia\/imagenes\/fotos\/2023-11-12\/879801.png_nota.png\" alt=\"\"\/><\/a><\/figure>\n\n\n\n<p>Por otro lado, la ciudad de Corrientes estar\u00eda bajo la alerta amarilla y se espera una semana con probabilidad de lluvias entre 40 y 70 por ciento hasta el martes.<\/p>\n\n\n\n<figure class=\"wp-block-image\"><a href=\"https:\/\/www.radiosudamericana.com\/notix\/multimedia\/imagenes\/fotos\/2023-11-12\/850223.png\"><img decoding=\"async\" src=\"https:\/\/www.radiosudamericana.com\/notix\/multimedia\/imagenes\/fotos\/2023-11-12\/850223.png_nota.png\" alt=\"\"\/><\/a><\/figure>\n\n\n\n<p><strong>Recomendaciones<\/strong><\/p>\n\n\n\n<p><em>Naranja:<\/em><\/p>\n\n\n\n<p>1- Permanec\u00e9 en construcciones cerradas como casas, escuelas o edificios.<\/p>\n\n\n\n<p>2- Mantenete alejado de artefactos el\u00e9ctricos y evit\u00e1 el uso de tel\u00e9fonos con cable.<\/p>\n\n\n\n<p>3-Si est\u00e1s viajando, quedate en el interior del veh\u00edculo. Los autom\u00f3viles ofrecen una excelente protecci\u00f3n.<\/p>\n\n\n\n<p>4- Evit\u00e1 circular por calles inundadas o afectadas.<\/p>\n\n\n\n<p>5- Si hay riesgo de que el agua ingrese en tu casa, cort\u00e1 el suministro el\u00e9ctrico.<\/p>\n\n\n\n<p>6- En caso de que vos o alguien m\u00e1s se vea afectado por este fen\u00f3meno, comunicate con los organismos de emergencias locales. Ten\u00e9 siempre lista una mochila de emergencias con linterna, radio, documentos y tel\u00e9fono.<\/p>\n\n\n\n<p><em>Amarillo:<\/em><\/p>\n\n\n\n<p>1- No saques la basura. Retir\u00e1 objetos que impidan que el agua escurra.<\/p>\n\n\n\n<p>2- Evit\u00e1 actividades al aire libre.<\/p>\n\n\n\n<p>3- No te refugies cerca de \u00e1rboles y postes de electricidad que puedan caerse.<\/p>\n\n\n\n<p>4- Para minimizar el riesgo de ser alcanzado por un rayo, no permanezcas en playas, r\u00edos, lagunas o piletas.<\/p>\n\n\n\n<p>5- Estate atento ante la posible ca\u00edda de granizo.<\/p>\n\n\n\n<p>6- Informate por las autoridades.Ten\u00e9 siempre lista una mochila de emergencias con linterna, radio, documentos y tel\u00e9fono.<\/p>\n","protected":false},"excerpt":{"rendered":"<p>El SMN inform\u00f3 que para este lunes habr\u00e1 una alerta naranja para localidades del sur y centro de la provincia. Mientras que en las ciudades del norte hay una alerta&hellip; <\/p>\n","protected":false},"author":6,"featured_media":101893,"comment_status":"closed","ping_status":"open","sticky":false,"template":"","format":"standard","meta":{"footnotes":""},"categories":[29],"tags":[],"class_list":["post-101880","post","type-post","status-publish","format-standard","has-post-thumbnail","hentry","category-clima"],"_links":{"self":[{"href":"https:\/\/corrientesdetarde.com\/index.php\/wp-json\/wp\/v2\/posts\/101880","targetHints":{"allow":["GET"]}}],"collection":[{"href":"https:\/\/corrientesdetarde.com\/index.php\/wp-json\/wp\/v2\/posts"}],"about":[{"href":"https:\/\/corrientesdetarde.com\/index.php\/wp-json\/wp\/v2\/types\/post"}],"author":[{"embeddable":true,"href":"https:\/\/corrientesdetarde.com\/index.php\/wp-json\/wp\/v2\/users\/6"}],"replies":[{"embeddable":true,"href":"https:\/\/corrientesdetarde.com\/index.php\/wp-json\/wp\/v2\/comments?post=101880"}],"version-history":[{"count":1,"href":"https:\/\/corrientesdetarde.com\/index.php\/wp-json\/wp\/v2\/posts\/101880\/revisions"}],"predecessor-version":[{"id":101894,"href":"https:\/\/corrientesdetarde.com\/index.php\/wp-json\/wp\/v2\/posts\/101880\/revisions\/101894"}],"wp:featuredmedia":[{"embeddable":true,"href":"https:\/\/corrientesdetarde.com\/index.php\/wp-json\/wp\/v2\/media\/101893"}],"wp:attachment":[{"href":"https:\/\/corrientesdetarde.com\/index.php\/wp-json\/wp\/v2\/media?parent=101880"}],"wp:term":[{"taxonomy":"category","embeddable":true,"href":"https:\/\/corrientesdetarde.com\/index.php\/wp-json\/wp\/v2\/categories?post=101880"},{"taxonomy":"post_tag","embeddable":true,"href":"https:\/\/corrientesdetarde.com\/index.php\/wp-json\/wp\/v2\/tags?post=101880"}],"curies":[{"name":"wp","href":"https:\/\/api.w.org\/{rel}","templated":true}]}}