{"id":101888,"date":"2023-11-12T20:58:43","date_gmt":"2023-11-12T23:58:43","guid":{"rendered":"https:\/\/corrientesdetarde.com\/?p=101888"},"modified":"2023-11-12T21:07:35","modified_gmt":"2023-11-13T00:07:35","slug":"justicia-electoral-advierten-a-milei-que-no-entrego-suficientes-boletas-en-pba","status":"publish","type":"post","link":"https:\/\/corrientesdetarde.com\/index.php\/politica\/justicia-electoral-advierten-a-milei-que-no-entrego-suficientes-boletas-en-pba\/","title":{"rendered":"Faltante de Boletas: referente de Milei dijo que pasa eso porque &#8220;las rompen&#8221;"},"content":{"rendered":"\n<p>Previo a su ingreso a la Facultad de Derecho de la UBA, donde este domingo se llevar\u00e1 adelante el debate de candidatos a presidente, la diputada electa por La Libertad Avanza (LLA) Lilia Lemoine fue abordada por los medios de prensa. Sin embargo, se resisti\u00f3 a hablar y apenas respondi\u00f3 cuando le consultaron por la falta de boletas de su espacio a una semana del balotaje y sugiri\u00f3 que fue una maniobra para evitar que las rompan o las roben.<br>\u201c\u00bfPor qu\u00e9 llevaron menos boletas? le pregunt\u00f3 un periodista de C5N. \u201cPorque las rompen\u201d, asegur\u00f3 y desliz\u00f3 que los presuntos responsables podr\u00edan ser integrantes del oficialismo y, ante la insistencia, asegur\u00f3 que las impresiones estar\u00e1n hechas \u201ccuando sea necesario\u201d.<br>\u00bfQui\u00e9n las rompe?\u201d, le repreguntaron. \u201c\u00bfQui\u00e9n cre\u00e9s?\u201d, devolvi\u00f3 ella en el mismo tono. Este domingo, la Justicia Electoral le llam\u00f3 la atenci\u00f3n a La Libertad Avanza por haber presentado una cantidad \u201csustancialmente inferior\u201d a la necesaria para el balotaje con cada urna. Los jueces federales explicaron que es \u201cobligaci\u00f3n de los partidos\u201d llevar las papeletas. En LLA le dijeron a LA NACION que las llevar\u00e1n a las escuelas.<br>La advertencia fue porque falta que se organice y env\u00eden las urnas y boletas que ir\u00e1n a las mesas de las secciones Primera, Tercera y Capital, donde se concentra la mayor cantidad de votos. Por eso, la Junta Electoral bonaerense intim\u00f3 anoche a LLA a que \u201crevea los vol\u00famenes de boletas\u201d que le entregar\u00e1 para esos distritos. Adem\u00e1s, le recomend\u00f3 \u201cenf\u00e1ticamente\u201d que \u201credoble sus esfuerzos\u201d para proveer y reponer boletas en los municipios hacia donde ya salieron las entregas de la Justicia Electoral.<br>En tanto, mientras caminaba hacia el edificio universitario y los cronistas intentaba que les respondiera, Lemoine se quej\u00f3 del \u201casedio medi\u00e1tico\u201d. \u201cMe cans\u00e9 del maltrato de los medios\u201d, declar\u00f3 y rechaz\u00f3 las versiones que sostienen que baj\u00f3 su perfil luego de la pol\u00e9mica propuesta que hizo para que los hombres puedan renunciar a la paternidad.<br>\u201cNo, es mentira. No me faltes el respeto\u201d, se quej\u00f3 y luego afirm\u00f3 que el proyecto en cuesti\u00f3n \u201cno es parte de las propuestas de La Libertad Avanza\u201d.<br>Fuente: LaNaci\u00f3n.com<\/p>\n","protected":false},"excerpt":{"rendered":"<p>Previo a su ingreso a la Facultad de Derecho de la UBA, donde este domingo se llevar\u00e1 adelante el debate de candidatos a presidente, la diputada electa por La Libertad&hellip; <\/p>\n","protected":false},"author":11,"featured_media":101889,"comment_status":"closed","ping_status":"open","sticky":false,"template":"","format":"standard","meta":{"footnotes":""},"categories":[26,3],"tags":[],"class_list":["post-101888","post","type-post","status-publish","format-standard","has-post-thumbnail","hentry","category-destacados","category-politica"],"_links":{"self":[{"href":"https:\/\/corrientesdetarde.com\/index.php\/wp-json\/wp\/v2\/posts\/101888","targetHints":{"allow":["GET"]}}],"collection":[{"href":"https:\/\/corrientesdetarde.com\/index.php\/wp-json\/wp\/v2\/posts"}],"about":[{"href":"https:\/\/corrientesdetarde.com\/index.php\/wp-json\/wp\/v2\/types\/post"}],"author":[{"embeddable":true,"href":"https:\/\/corrientesdetarde.com\/index.php\/wp-json\/wp\/v2\/users\/11"}],"replies":[{"embeddable":true,"href":"https:\/\/corrientesdetarde.com\/index.php\/wp-json\/wp\/v2\/comments?post=101888"}],"version-history":[{"count":3,"href":"https:\/\/corrientesdetarde.com\/index.php\/wp-json\/wp\/v2\/posts\/101888\/revisions"}],"predecessor-version":[{"id":101898,"href":"https:\/\/corrientesdetarde.com\/index.php\/wp-json\/wp\/v2\/posts\/101888\/revisions\/101898"}],"wp:featuredmedia":[{"embeddable":true,"href":"https:\/\/corrientesdetarde.com\/index.php\/wp-json\/wp\/v2\/media\/101889"}],"wp:attachment":[{"href":"https:\/\/corrientesdetarde.com\/index.php\/wp-json\/wp\/v2\/media?parent=101888"}],"wp:term":[{"taxonomy":"category","embeddable":true,"href":"https:\/\/corrientesdetarde.com\/index.php\/wp-json\/wp\/v2\/categories?post=101888"},{"taxonomy":"post_tag","embeddable":true,"href":"https:\/\/corrientesdetarde.com\/index.php\/wp-json\/wp\/v2\/tags?post=101888"}],"curies":[{"name":"wp","href":"https:\/\/api.w.org\/{rel}","templated":true}]}}