{"id":101895,"date":"2023-11-12T21:12:10","date_gmt":"2023-11-13T00:12:10","guid":{"rendered":"https:\/\/corrientesdetarde.com\/?p=101895"},"modified":"2023-11-12T21:13:31","modified_gmt":"2023-11-13T00:13:31","slug":"jose-ramirez-alegre-fue-reelecto-como-presidente-en-el-corrientes-tennis-club","status":"publish","type":"post","link":"https:\/\/corrientesdetarde.com\/index.php\/informacion-general\/jose-ramirez-alegre-fue-reelecto-como-presidente-en-el-corrientes-tennis-club\/","title":{"rendered":"Jos\u00e9 Ram\u00edrez Alegre fue reelecto como presidente en el Corrientes Tennis Club."},"content":{"rendered":"\n<h2 class=\"wp-block-heading\">Agradeci\u00f3 a todos los socios que se acercaron a participar tanto de la Asamblea como de las Elecciones, cuyas concurrencias alcanzaron n\u00fameros que fueron hist\u00f3ricos.<\/h2>\n\n\n\n<p>Este s\u00e1bado se llev\u00f3 a cabo la Asamblea General Ordinaria de Socios del Corrientes Tennis Club en la sede social de la instituci\u00f3n, trat\u00e1ndose el siguiente orden del d\u00eda:<\/p>\n\n\n\n<p>En primer lugar, el Presidente Jose Ramirez Alegre realiz\u00f3 la lectura de la Memoria 2023 destacando los aspectos m\u00e1s relevantes de la vida institucional (administraci\u00f3n y secretar\u00eda), infraestructura, actividades deportivas y sociales del club.<\/p>\n\n\n\n<p>En el siguiente link pod\u00e9s acceder a la versi\u00f3n digital de la Memoria 2023:&nbsp;<em><a href=\"https:\/\/corrientestennisclub.org.ar\/descargas\/CTC%20Memoria%202023.pdf?_t=1699725205\">CTC_Memoria2023.pdf<\/a><\/em><\/p>\n\n\n\n<p>En segundo lugar, se puso en consideraci\u00f3n de los socios el Balance N\u00b0 100 del CTC cerrado el 30 de junio de 2023, resaltando este hecho como un acontecimiento hist\u00f3rico a nivel provincial y nacional, ya que son pocas las instituciones sociales, deportivas o empresarias que logran una continuidad institucional en los t\u00e9rminos y el estado en que lo ha logrado el Corrientes Tennis Club. Su lectura estuvo a cargo del Cr. Pedro \u00c1lvarez Arderi\u00fa, quien brind\u00f3 detalles de los principales aspectos, as\u00ed como inform\u00f3 de los dict\u00e1menes favorables de la Comisi\u00f3n Revisora de Cuentas, el Informe de Auditor Independiente y la aprobaci\u00f3n del CPCE.<\/p>\n\n\n\n<p>A continuaci\u00f3n se puso a consideraci\u00f3n de la Asamblea la aprobaci\u00f3n de la Memoria, Balance e Informe de Revisores de Cuenta, los cuales fueron aprobados por unanimidad.<\/p>\n\n\n\n<p>A partir de las 13 hs inici\u00f3 el acto eleccionario para renovar parcialmente la Comisi\u00f3n Directiva, el cual se extendi\u00f3 por 9 horas y tuvo la participaci\u00f3n de dos agrupaciones (Lista Gesti\u00f3n 1913 y Lista Unidad). Cerca de la medianoche finaliz\u00f3 el escrutinio, resultando ganadora la Lista Gesti\u00f3n 1913 encabezada por el actual Presidente Dr Jos\u00e9 Ram\u00edrez Alegre, quien fue reelecto con el 65% de los votos.<\/p>\n\n\n\n<p>Para finalizar, se eligieron los socios para la firma del acta de la Asamblea General Ordinaria de Socios 2023.<\/p>\n\n\n\n<p>Ram\u00edrez Alegre agradeci\u00f3 a todos los socios que se acercaron a participar tanto de la Asamblea como de las Elecciones, cuyas concurrencias alcanzaron n\u00fameros que fueron hist\u00f3ricos. Tambi\u00e9n aprovech\u00f3 la oportunidad para felicitar a la lista Unidad por el trabajo realizado y brind\u00f3 su compromiso de seguir trabajando en el pr\u00f3ximo mandato para continuar elevando la calidad de servicios del club y desarrollando los aspectos deportivos, sociales y de infraestructura del Corrientes Tennis Club.<\/p>\n\n\n\n<p>Las autoridades electas de la Lista \u201cGesti\u00f3n 1913\u201d son: Jos\u00e9 Ramirez Alegre (Presidente), Juan Martin Cemborain (Secretario), Jorge Ricardo Bravo (Tesorero), Beatriz Benitez de Rios Brisco (Vocal Titular 1\u00ba), Justo \u00c1lavarez (Vocal Titular 4\u00ba), Guadalupe Chavez (Vocal Suplente 1\u00ba), Marcelo Biotti (Vocal Suplente 2\u00ba), Martina Buschi (Vocal Suplente 3\u00ba) y Marcela Echeveste (Vocal Suplente 4\u00ba). Como as\u00ed tambi\u00e9n la Renovaci\u00f3n total de los Revisores de Cuentas por finalizaci\u00f3n de mandato: Andr\u00e9s Moray (Revisor Titular 1\u00ba), Guillermo Rojas Conde (Revisor Titular 2\u00ba), Agustina Gonzalez Davis (Revisor Suplente 1\u00ba) y Matias Aquino Viudes (Revisor Suplente 2\u00ba).<\/p>\n","protected":false},"excerpt":{"rendered":"<p>Agradeci\u00f3 a todos los socios que se acercaron a participar tanto de la Asamblea como de las Elecciones, cuyas concurrencias alcanzaron n\u00fameros que fueron hist\u00f3ricos. Este s\u00e1bado se llev\u00f3 a&hellip; <\/p>\n","protected":false},"author":6,"featured_media":101901,"comment_status":"closed","ping_status":"open","sticky":false,"template":"","format":"standard","meta":{"footnotes":""},"categories":[1],"tags":[],"class_list":["post-101895","post","type-post","status-publish","format-standard","has-post-thumbnail","hentry","category-informacion-general"],"_links":{"self":[{"href":"https:\/\/corrientesdetarde.com\/index.php\/wp-json\/wp\/v2\/posts\/101895","targetHints":{"allow":["GET"]}}],"collection":[{"href":"https:\/\/corrientesdetarde.com\/index.php\/wp-json\/wp\/v2\/posts"}],"about":[{"href":"https:\/\/corrientesdetarde.com\/index.php\/wp-json\/wp\/v2\/types\/post"}],"author":[{"embeddable":true,"href":"https:\/\/corrientesdetarde.com\/index.php\/wp-json\/wp\/v2\/users\/6"}],"replies":[{"embeddable":true,"href":"https:\/\/corrientesdetarde.com\/index.php\/wp-json\/wp\/v2\/comments?post=101895"}],"version-history":[{"count":1,"href":"https:\/\/corrientesdetarde.com\/index.php\/wp-json\/wp\/v2\/posts\/101895\/revisions"}],"predecessor-version":[{"id":101902,"href":"https:\/\/corrientesdetarde.com\/index.php\/wp-json\/wp\/v2\/posts\/101895\/revisions\/101902"}],"wp:featuredmedia":[{"embeddable":true,"href":"https:\/\/corrientesdetarde.com\/index.php\/wp-json\/wp\/v2\/media\/101901"}],"wp:attachment":[{"href":"https:\/\/corrientesdetarde.com\/index.php\/wp-json\/wp\/v2\/media?parent=101895"}],"wp:term":[{"taxonomy":"category","embeddable":true,"href":"https:\/\/corrientesdetarde.com\/index.php\/wp-json\/wp\/v2\/categories?post=101895"},{"taxonomy":"post_tag","embeddable":true,"href":"https:\/\/corrientesdetarde.com\/index.php\/wp-json\/wp\/v2\/tags?post=101895"}],"curies":[{"name":"wp","href":"https:\/\/api.w.org\/{rel}","templated":true}]}}