{"id":101903,"date":"2023-11-12T21:31:47","date_gmt":"2023-11-13T00:31:47","guid":{"rendered":"https:\/\/corrientesdetarde.com\/?p=101903"},"modified":"2023-11-12T21:31:54","modified_gmt":"2023-11-13T00:31:54","slug":"el-10-festival-blues-en-el-rio-tendra-escenarios-en-corrientes-y-chaco","status":"publish","type":"post","link":"https:\/\/corrientesdetarde.com\/index.php\/cultura\/el-10-festival-blues-en-el-rio-tendra-escenarios-en-corrientes-y-chaco\/","title":{"rendered":"El 10\u00b0 Festival Blues en el R\u00edo tendr\u00e1 escenarios en Corrientes y Chaco."},"content":{"rendered":"\n<h2 class=\"wp-block-heading\">La edici\u00f3n 2023 del Festival Blues en el R\u00edo ser\u00e1 especial ya que contar\u00e1 con actividades musicales de este g\u00e9nero en las capitales de las provincias del Chaco y Corrientes.<\/h2>\n\n\n\n<p>Se viene la D\u00e9cima Edici\u00f3n del Festival Blues en el R\u00edo 2023, con la idea de festejarlo a lo grande a &#8220;dos orillas&#8221;, en Resistencia y en Corrientes, como se merece un aniversario de la fiesta del g\u00e9nero ya impuesto en nuestra regi\u00f3n, y que nos incluy\u00f3 en el mapa universal del blues.<\/p>\n\n\n\n<p>Se largar\u00e1 todo con unas previas Jams Sesions en cada capital provincial, oportunidades donde se reunir\u00e1n m\u00fasicos que participar\u00e1n en esta ocasi\u00f3n del festival, sumando m\u00fasicos de ediciones anteriores, para celebrar versionando a los cl\u00e1sicos del blues argentino, en interpretaciones e improvisaciones, a manera de zapadas abiertas.&nbsp;<\/p>\n\n\n<div class=\"wp-block-image\">\n<figure class=\"aligncenter\"><img decoding=\"async\" src=\"https:\/\/www.diarioepoca.com\/content\/bucket\/3\/1330803w380h380c.jpg.webp\" alt=\"\"\/><\/figure>\n<\/div>\n\n\n<p>La primera de estas fechas est\u00e1 planteada para el 28 de octubre a las 21 en la Casa de las Culturas (Resistencia-Chaco), lugar donde tambi\u00e9n se podr\u00e1n adquirir las entradas; y m\u00e1s tarde en el tiempo la segunda se concretar\u00e1 en la Escuela de Artes de la Municipalidad de la Ciudad de Corrientes.<\/p>\n\n\n\n<p>El 10\u00b0 Festival Blues en el R\u00edo 2023 propiamente dicho, est\u00e1 pensado para concretarlo tambi\u00e9n en estas ciudades, el pr\u00f3ximo 25 de noviembre a las 21 en la Casa de las Culturas (Resistencia), y el 2 de diciembre en el Refugio Patagonia, en la Costanera Correntina, ambos d\u00edas con la presencia de bandas de la regi\u00f3n, tal el caso de Pelo Blues &amp; Amigos, Lopaytema, Camaradas, Carlos Negrini Drummer, Reviro, Vintage Band, entre otras.<\/p>\n","protected":false},"excerpt":{"rendered":"<p>La edici\u00f3n 2023 del Festival Blues en el R\u00edo ser\u00e1 especial ya que contar\u00e1 con actividades musicales de este g\u00e9nero en las capitales de las provincias del Chaco y Corrientes.&hellip; <\/p>\n","protected":false},"author":6,"featured_media":101904,"comment_status":"closed","ping_status":"open","sticky":false,"template":"","format":"standard","meta":{"footnotes":""},"categories":[15],"tags":[],"class_list":["post-101903","post","type-post","status-publish","format-standard","has-post-thumbnail","hentry","category-cultura"],"_links":{"self":[{"href":"https:\/\/corrientesdetarde.com\/index.php\/wp-json\/wp\/v2\/posts\/101903","targetHints":{"allow":["GET"]}}],"collection":[{"href":"https:\/\/corrientesdetarde.com\/index.php\/wp-json\/wp\/v2\/posts"}],"about":[{"href":"https:\/\/corrientesdetarde.com\/index.php\/wp-json\/wp\/v2\/types\/post"}],"author":[{"embeddable":true,"href":"https:\/\/corrientesdetarde.com\/index.php\/wp-json\/wp\/v2\/users\/6"}],"replies":[{"embeddable":true,"href":"https:\/\/corrientesdetarde.com\/index.php\/wp-json\/wp\/v2\/comments?post=101903"}],"version-history":[{"count":1,"href":"https:\/\/corrientesdetarde.com\/index.php\/wp-json\/wp\/v2\/posts\/101903\/revisions"}],"predecessor-version":[{"id":101905,"href":"https:\/\/corrientesdetarde.com\/index.php\/wp-json\/wp\/v2\/posts\/101903\/revisions\/101905"}],"wp:featuredmedia":[{"embeddable":true,"href":"https:\/\/corrientesdetarde.com\/index.php\/wp-json\/wp\/v2\/media\/101904"}],"wp:attachment":[{"href":"https:\/\/corrientesdetarde.com\/index.php\/wp-json\/wp\/v2\/media?parent=101903"}],"wp:term":[{"taxonomy":"category","embeddable":true,"href":"https:\/\/corrientesdetarde.com\/index.php\/wp-json\/wp\/v2\/categories?post=101903"},{"taxonomy":"post_tag","embeddable":true,"href":"https:\/\/corrientesdetarde.com\/index.php\/wp-json\/wp\/v2\/tags?post=101903"}],"curies":[{"name":"wp","href":"https:\/\/api.w.org\/{rel}","templated":true}]}}