{"id":101925,"date":"2023-11-12T22:17:05","date_gmt":"2023-11-13T01:17:05","guid":{"rendered":"https:\/\/corrientesdetarde.com\/?p=101925"},"modified":"2023-11-12T22:17:19","modified_gmt":"2023-11-13T01:17:19","slug":"campana-de-prevencion-del-cancer-de-piel","status":"publish","type":"post","link":"https:\/\/corrientesdetarde.com\/index.php\/bienestar-y-salud\/campana-de-prevencion-del-cancer-de-piel\/","title":{"rendered":"Campa\u00f1a de prevenci\u00f3n del c\u00e1ncer de piel."},"content":{"rendered":"\n<h2 class=\"wp-block-heading\">La\u00a0<strong>Sociedad Argentina de Dermatolog\u00eda<\/strong>\u00a0lanza este lunes la 30\u00b0 Campa\u00f1a Nacional de Prevenci\u00f3n del C\u00e1ncer de Piel con el fin de concientizar a la poblaci\u00f3n sobre el da\u00f1o que causa la exposici\u00f3n solar.<\/h2>\n\n\n\n<p>Del 13 al 17 de noviembre, habr\u00e1 jornadas de chequeos gratuitos en los centros de salud de todo el pa\u00eds promoviendo la revisi\u00f3n de lunares con un especialista en dermatolog\u00eda. Esta es la mejor forma de prevenir el c\u00e1ncer de piel y es necesario que todos aquellos que tengan dudas o presenten alg\u00fan s\u00edntoma, puedan acercarse de forma r\u00e1pida a cualquier centro de salud para chequear su piel.<\/p>\n\n\n\n<p>Los turnos disponibles podr\u00e1n consultarse en&nbsp;<a href=\"http:\/\/cancerdepiel.org.ar\/\" target=\"_blank\" rel=\"noreferrer noopener\"><strong>http:\/\/cancerdepiel.org.ar<\/strong>&nbsp;<\/a>&nbsp;donde podr\u00e1n acceder al listado de establecimientos adheridos y acudir al que resulte m\u00e1s cercano.&nbsp;<\/p>\n\n\n\n<figure class=\"wp-block-image\"><img decoding=\"async\" src=\"https:\/\/www.diarioepoca.com\/content\/bucket\/3\/1330813w762h436c.jpg.webp\" alt=\"\"\/><\/figure>\n\n\n\n<p>Este a\u00f1o la campa\u00f1a anual de la Sociedad Argentina de Dermatolog\u00eda cumple 30 a\u00f1os al servicio de la prevenci\u00f3n. Los responsables del comit\u00e9 organizador, los m\u00e9dicos dermat\u00f3logos Andr\u00e9s Politi, Ana Clara Acosta, Carla Minaudo y Ana de Pablo fueron distinguidos por su compromiso con la causa en el 72\u00ba Curso Intensivo de Perfeccionamiento Dermatol\u00f3gico para Graduados &#8220;Prof. Dr. Luis E. Pierini&#8221;.<\/p>\n\n\n\n<p>Seg\u00fan la Organizaci\u00f3n Mundial de la Salud en un informe publicado en 2020, la radiaci\u00f3n solar genera aproximadamente 1.5 millones de c\u00e1nceres al a\u00f1o (1). En un estudio realizado por la Sociedad Argentina de Dermatolog\u00eda en 2022, solo el 40% de los encuestados se protege del sol &#8220;a veces&#8221; y el 62,7% NO renueva la protecci\u00f3n solar durante el d\u00eda (tal como se recomienda). En un an\u00e1lisis detallado sobre los chequeos realizados el a\u00f1o pasado, a 1 de 4 personas le encontraron alguna lesi\u00f3n sospechosa y el mayor n\u00famero de hallazgos fueron ubicados en la zona del tronco.<\/p>\n\n\n\n<p>En pos de la concientizaci\u00f3n sobre los lunares, el lema de este a\u00f1o pone el foco en el control peri\u00f3dico ya que hay lesiones que pueden parecer &#8220;inofensivas&#8221;, pero tambi\u00e9n podr\u00edan ser un signo de alarma.&nbsp;<\/p>\n\n\n\n<p>Los lunares (o nevos) son lesiones benignas presentes en la mayor\u00eda de las personas. Su n\u00famero es variable: pueden ser escasos o m\u00faltiples. Se sabe que las personas con m\u00e1s presencia de lunares pueden tener mayor probabilidad de desarrollar c\u00e1ncer de piel. Es importante aprender a realizar un autoexamen para conocer el tipo de mancha y\/o lunar y estar atentos a los cambios.<\/p>\n\n\n\n<p>Los dermat\u00f3logos aconsejan seguir la regla del ABCDE: A (analizar si son asim\u00e9tricos), B (chequear si sus bordes son irregulares), C (contemplar la coloraci\u00f3n, si es variada y si hay cambios de color), D (prestar atenci\u00f3n al di\u00e1metro, si son mayores a 6 mm), E (estudiar su evoluci\u00f3n: si crecen o cambian, hay picaz\u00f3n, sangrado o costras)&nbsp;<\/p>\n\n\n\n<figure class=\"wp-block-image\"><img decoding=\"async\" src=\"https:\/\/www.diarioepoca.com\/content\/bucket\/4\/1330814w762h572c.jpg.webp\" alt=\"\"\/><\/figure>\n\n\n\n<p><strong>Los consejos para prevenir el da\u00f1o solar en la piel son:<\/strong><\/p>\n\n\n\n<p>1. &nbsp; &nbsp;Aplicar abundante protector solar de amplio espectro (que proteja contra los rayos UVB y UVA) con FPS (factor de protecci\u00f3n solar) superior a 30 (dependiendo del tipo de piel). En caso de pieles blancas, que se enrojecen, el FPS recomendado es de 50 o superior. &nbsp;En d\u00edas nublados o con &#8220;resolana&#8221; la protecci\u00f3n debe ser la misma; los rayos UV llegan igual a nuestra piel.<\/p>\n\n\n\n<p>2. &nbsp; &nbsp; &nbsp; &nbsp; &nbsp; &nbsp;La protecci\u00f3n solar debe aplicarse 30 minutos antes de la exposici\u00f3n y ser renovada cada dos horas (o m\u00e1s seguido si hay transpiraci\u00f3n excesiva, inmersi\u00f3n en agua, etc).<\/p>\n\n\n\n<p>3. &nbsp; &nbsp; &nbsp; &nbsp; &nbsp; &nbsp;Usar prendas de vestir que cubran zonas expuestas, en especial \u00e1reas m\u00e1s sensibles, las piernas, los brazos, la zona del pecho y sombreros o gorros para proteger el cuero cabelludo.<\/p>\n\n\n\n<p>4. &nbsp; &nbsp; &nbsp; &nbsp; &nbsp; &nbsp;Evitar, en lo posible, la exposici\u00f3n solar entre 10 de la ma\u00f1ana y 4 de la tarde, cuando los rayos ultravioletas son m\u00e1s intensos.<\/p>\n\n\n\n<p>5. &nbsp; &nbsp; &nbsp; &nbsp; &nbsp; &nbsp;Controlar lunares o posibles lesiones en la piel o lesiones nuevas que se hayan modificado, que hayan crecido, cambiado de color y\/o que no se curen con el paso del tiempo.<\/p>\n\n\n\n<p>La Sociedad Argentina de Dermatolog\u00eda lleva adelante esta campa\u00f1a hace ya 30 a\u00f1os de forma ininterrumpida buscando un impacto positivo en la sociedad.&nbsp;<\/p>\n\n\n\n<p>Ante cualquier duda, es importante acudir a un m\u00e9dico dermat\u00f3logo para analizar la conducta a seguir.<\/p>\n","protected":false},"excerpt":{"rendered":"<p>La\u00a0Sociedad Argentina de Dermatolog\u00eda\u00a0lanza este lunes la 30\u00b0 Campa\u00f1a Nacional de Prevenci\u00f3n del C\u00e1ncer de Piel con el fin de concientizar a la poblaci\u00f3n sobre el da\u00f1o que causa la&hellip; <\/p>\n","protected":false},"author":6,"featured_media":101929,"comment_status":"closed","ping_status":"open","sticky":false,"template":"","format":"standard","meta":{"footnotes":""},"categories":[16],"tags":[],"class_list":["post-101925","post","type-post","status-publish","format-standard","has-post-thumbnail","hentry","category-bienestar-y-salud"],"_links":{"self":[{"href":"https:\/\/corrientesdetarde.com\/index.php\/wp-json\/wp\/v2\/posts\/101925","targetHints":{"allow":["GET"]}}],"collection":[{"href":"https:\/\/corrientesdetarde.com\/index.php\/wp-json\/wp\/v2\/posts"}],"about":[{"href":"https:\/\/corrientesdetarde.com\/index.php\/wp-json\/wp\/v2\/types\/post"}],"author":[{"embeddable":true,"href":"https:\/\/corrientesdetarde.com\/index.php\/wp-json\/wp\/v2\/users\/6"}],"replies":[{"embeddable":true,"href":"https:\/\/corrientesdetarde.com\/index.php\/wp-json\/wp\/v2\/comments?post=101925"}],"version-history":[{"count":1,"href":"https:\/\/corrientesdetarde.com\/index.php\/wp-json\/wp\/v2\/posts\/101925\/revisions"}],"predecessor-version":[{"id":101930,"href":"https:\/\/corrientesdetarde.com\/index.php\/wp-json\/wp\/v2\/posts\/101925\/revisions\/101930"}],"wp:featuredmedia":[{"embeddable":true,"href":"https:\/\/corrientesdetarde.com\/index.php\/wp-json\/wp\/v2\/media\/101929"}],"wp:attachment":[{"href":"https:\/\/corrientesdetarde.com\/index.php\/wp-json\/wp\/v2\/media?parent=101925"}],"wp:term":[{"taxonomy":"category","embeddable":true,"href":"https:\/\/corrientesdetarde.com\/index.php\/wp-json\/wp\/v2\/categories?post=101925"},{"taxonomy":"post_tag","embeddable":true,"href":"https:\/\/corrientesdetarde.com\/index.php\/wp-json\/wp\/v2\/tags?post=101925"}],"curies":[{"name":"wp","href":"https:\/\/api.w.org\/{rel}","templated":true}]}}