{"id":101931,"date":"2023-11-12T22:23:05","date_gmt":"2023-11-13T01:23:05","guid":{"rendered":"https:\/\/corrientesdetarde.com\/?p=101931"},"modified":"2023-11-12T22:23:09","modified_gmt":"2023-11-13T01:23:09","slug":"cada-vez-mas-partidos-de-corrientes-ratifican-su-apoyo-a-javier-milei","status":"publish","type":"post","link":"https:\/\/corrientesdetarde.com\/index.php\/politica\/cada-vez-mas-partidos-de-corrientes-ratifican-su-apoyo-a-javier-milei\/","title":{"rendered":"Cada vez m\u00e1s partidos de Corrientes ratifican su apoyo a Javier Milei."},"content":{"rendered":"\n<h2 class=\"wp-block-heading\">Numerosas fuerzas vinculadas al oficialismo provincial manifiestan que acompa\u00f1an al l\u00edder libertario. Podr\u00edan sumarse m\u00e1s en los pr\u00f3ximos d\u00edas.<\/h2>\n\n\n\n<p>A una semana del balotaje presidencial, en Corrientes el candidato de la Libertad Avanza, Javier Milei sigue sumando apoyo de los partidos pol\u00edticos del oficialismo que ya mantienen reuniones y alistan acciones de cara a las urnas del domingo. Propuesta Republicana (PRO), \u00a0el Partido Autonomista, el Movimiento de Integraci\u00f3n y Desarrollo (MID), el Dem\u00f3crata Progresista de la Provincia (PDP), el Partido Liberal, Ciudadanos a Gobernar y Unidos por Corrientes, son las fuerzas pol\u00edticas que se expresaron institucionalmente, mientras que otras trabajan todav\u00eda solapadamente pero que el domingo, a pesar de algunas resistencias, defienden la boleta del libertario.<\/p>\n\n\n\n<p>Luego de las elecciones generales donde la candidata presidencial de Juntos por el Cambio, Patricia Bullrich qued\u00f3 fuera de juego, las fuerzas de ECO+ Vamos Corrientes que respaldaban a la titular de Propuesta Republicana (PRO), para reemplazar a Alberto Fernand\u00e9z en la Presidencia de la Naci\u00f3n, desde el 10 de diciembre, comenzaron a definir su postura.<\/p>\n\n\n\n<p>En ese marco y luego de la conferencia de prensa que brind\u00f3 Bullrich (junto al candidato a vicepresidente de la Naci\u00f3n Luis Petri) donde anunci\u00f3 su apoyo a Milei en el balotaje del domingo, los referentes locales del PRO fueron los primeros en salir a respaldar su posici\u00f3n, apoyo que luego se comunic\u00f3 de manera institucional.&nbsp;<\/p>\n\n\n\n<p>Luego de apuntar contra la candidata de Juntos por el Cambio asegurando &#8220;que se cortaron solos&#8221;, la Uni\u00f3n C\u00edvica Radical (UCR) Nacional comunic\u00f3 su neutralidad ante el balotaje que enfrentar\u00e1 a Sergio Massa y Javier Milei. Aunque vale se\u00f1alar que durante la conferencia de prensa se critic\u00f3 al libertario, actitud que molest\u00f3 a algunos referentes pol\u00edticos, ya que no se habr\u00eda respetado lo acordado durante la reuni\u00f3n de emergencia que llevaron adelante luego de las declaraciones de Bullrich.<\/p>\n\n\n\n<p>Pero m\u00e1s all\u00e1 del discurso de la discordia que implic\u00f3 un cambio en el texto en el comunicado oficial radical, &nbsp;&#8220;la neutralidad&#8221; fue ratificada por la fuerza centenaria en Corrientes y como l\u00edder de la alianza gobernante &#8220;dieron libertad de acci\u00f3n&#8221; a los partidos que la integran.<\/p>\n\n\n\n<p>Y a pesar de que con el tiempo, los radicales a nivel nacional se fueron pronunciando a favor de uno u otro candidato, en Corrientes los principales referentes de la UCR siguen apostando a la transformaci\u00f3n de la Argentina y la palabra &#8220;cambio&#8221; se convirti\u00f3 en una muletilla que dar\u00eda a entender que Massa no ser\u00eda el candidato que lograr\u00e1 el apoyo de la fuerza centenaria local.<\/p>\n\n\n\n<p>&#8220;Y voy a votar positivamente por uno de los dos candidatos, pero sin duda lo voy a ser con la convicci\u00f3n y con la esperanza de que la Argentina tenga un futuro venturoso para todos&#8221;, aclar\u00f3 hace unos d\u00edas, el gobernador de Corrientes, Gustavo Vald\u00e9s en di\u00e1logo con La Naci\u00f3n+.<\/p>\n\n\n\n<p>&#8220;Por supuesto que tenemos que cambiar la Rep\u00fablica Argentina &#8220;, dijo ante la consulta de si va a votar con cambio. &#8220;Ning\u00fan presidente que puede asumir puede hacer otra cosa m\u00e1s que cambiar, porque lo que estamos viviendo hoy es un desastre&#8221;, asegur\u00f3.<\/p>\n\n\n\n<p>&#8220;Me parece que este gobierno no est\u00e1 haciendo las cosas bien, por eso no vot\u00e9 ni trabaj\u00e9 para este gobierno &nbsp;y ahora vamos a votar a conciencia para poder llevar a la Argentina por el mejor camino&#8221;, sentenci\u00f3.<\/p>\n\n\n\n<p>Pero dentro de los radicales, tambi\u00e9n hay un grupo de referentes que avanz\u00f3 con &#8220;la libertad de acci\u00f3n&#8221; concedida y en conferencia de prensa anunci\u00f3 su respaldo a Massa. Similar posici\u00f3n adoptaron algunos intendentes radicales como el intendente oficialista de La Cruz, Carlos Fag\u00fandez.<\/p>\n\n\n\n<p>En este escenario, donde las im\u00e1genes del mundo de Narnia siguen copando las redes, la crisis inflacionaria hace mella y la emergencia h\u00eddrica golpea a la provincia, los principales partidos oficialistas definieron su apoyo electoral.<\/p>\n\n\n\n<p>En esa l\u00ednea, al PRO que apoya a Milei, se sumaron el Partido Autonomista, el Movimiento de Integraci\u00f3n y Desarrollo (MID) y el Dem\u00f3crata Progresista de la Provincia (PDP), el Partido Liberal, Ciudadanos a Gobernar y Unidos por Corrientes.<\/p>\n\n\n\n<p>En tanto, Encuentro Liberal (ELI) y la Coalici\u00f3n C\u00edvica ARI dejaron claro que &#8220;Ni Milei ni Massa&#8221;, dando libertad de acci\u00f3n a la gente.<\/p>\n\n\n\n<p>En cuenta regresiva a los comicios, referentes del oficialismo de ECO vienen manteniendo reuniones con el diputado nacional electo de la Libertad Avanza por Corrientes, el actual concejal Lisandro Almir\u00f3n, con quien est\u00e1n definiendo todo el trabajo de log\u00edstica y fiscalizaci\u00f3n, aunque todav\u00eda hay cierta resistencia en algunas fuerzas de mostrarse y trabajar fuertemente a favor de Milei.<\/p>\n\n\n\n<p><em>Fuente: El Litoral.<\/em><\/p>\n","protected":false},"excerpt":{"rendered":"<p>Numerosas fuerzas vinculadas al oficialismo provincial manifiestan que acompa\u00f1an al l\u00edder libertario. Podr\u00edan sumarse m\u00e1s en los pr\u00f3ximos d\u00edas. A una semana del balotaje presidencial, en Corrientes el candidato de&hellip; <\/p>\n","protected":false},"author":6,"featured_media":101932,"comment_status":"closed","ping_status":"open","sticky":false,"template":"","format":"standard","meta":{"footnotes":""},"categories":[3],"tags":[],"class_list":["post-101931","post","type-post","status-publish","format-standard","has-post-thumbnail","hentry","category-politica"],"_links":{"self":[{"href":"https:\/\/corrientesdetarde.com\/index.php\/wp-json\/wp\/v2\/posts\/101931","targetHints":{"allow":["GET"]}}],"collection":[{"href":"https:\/\/corrientesdetarde.com\/index.php\/wp-json\/wp\/v2\/posts"}],"about":[{"href":"https:\/\/corrientesdetarde.com\/index.php\/wp-json\/wp\/v2\/types\/post"}],"author":[{"embeddable":true,"href":"https:\/\/corrientesdetarde.com\/index.php\/wp-json\/wp\/v2\/users\/6"}],"replies":[{"embeddable":true,"href":"https:\/\/corrientesdetarde.com\/index.php\/wp-json\/wp\/v2\/comments?post=101931"}],"version-history":[{"count":1,"href":"https:\/\/corrientesdetarde.com\/index.php\/wp-json\/wp\/v2\/posts\/101931\/revisions"}],"predecessor-version":[{"id":101933,"href":"https:\/\/corrientesdetarde.com\/index.php\/wp-json\/wp\/v2\/posts\/101931\/revisions\/101933"}],"wp:featuredmedia":[{"embeddable":true,"href":"https:\/\/corrientesdetarde.com\/index.php\/wp-json\/wp\/v2\/media\/101932"}],"wp:attachment":[{"href":"https:\/\/corrientesdetarde.com\/index.php\/wp-json\/wp\/v2\/media?parent=101931"}],"wp:term":[{"taxonomy":"category","embeddable":true,"href":"https:\/\/corrientesdetarde.com\/index.php\/wp-json\/wp\/v2\/categories?post=101931"},{"taxonomy":"post_tag","embeddable":true,"href":"https:\/\/corrientesdetarde.com\/index.php\/wp-json\/wp\/v2\/tags?post=101931"}],"curies":[{"name":"wp","href":"https:\/\/api.w.org\/{rel}","templated":true}]}}