{"id":102014,"date":"2023-11-13T11:59:49","date_gmt":"2023-11-13T14:59:49","guid":{"rendered":"https:\/\/corrientesdetarde.com\/?p=102014"},"modified":"2023-11-13T12:00:00","modified_gmt":"2023-11-13T15:00:00","slug":"palacio-legislativo-escritores-presentaran-el-consejo-consultivo-arandu","status":"publish","type":"post","link":"https:\/\/corrientesdetarde.com\/index.php\/actualidad\/palacio-legislativo-escritores-presentaran-el-consejo-consultivo-arandu\/","title":{"rendered":"Palacio Legislativo: Escritores presentar\u00e1n el Consejo Consultivo \u201cARAND\u00da\u201d"},"content":{"rendered":"\n<p><\/p>\n\n\n\n<p>Hoy, a las 18,30 en la Biblioteca de la Legislatura provincial, ubicada en Salta 545, se har\u00e1 p\u00fablica la Creaci\u00f3n del Consejo Consultivo \u201cARAND\u00da\u201d.<br>La presentaci\u00f3n est\u00e1 organizada por la Vicegobernaci\u00f3n de la provincia, a cargo del Dr. Pedro Braillard Poccard y la Sociedad Argentina de Escritores SADE &#8211; filial Corrientes, presidida por el profesor Avelino N\u00fa\u00f1ez.<br>\u201cTomando el modelo del Consejo de Ancianos, figura milenaria que ha sido usada para dirigir y guiar a la comunidad, pretendemos que este Consejo Consultivo Arand\u00fa, conformado por escritores que por su trabajo continuo y capacidad de reflexi\u00f3n han arribado a la categor\u00eda de sabios e id\u00f3neos para colegiar mejores decisiones a tomar\u201d, inform\u00f3 N\u00fa\u00f1ez.<br>Al mismo tiempo, agreg\u00f3 el escritor: \u201cEstas mesas permiten, compartir sus opiniones, hablar sobre temas relevantes, escuchar a los dem\u00e1s y llegar a acuerdos consensuados o mejor encaminados, recoger el sentir de cierta incertidumbre que puede existir en los escenarios de an\u00e1lisis por parte de los cultores de la literatura y el universo que hace a su difusi\u00f3n. Estas mesas tambi\u00e9n permiten a los miembros del Consejo evaluar la calidad de las actividades, los pros y los contras de cada opci\u00f3n, y tomar decisiones coherentes y, principalmente, hacer decisiones colegiadas\u201d.<br>El consejo estar\u00e1 conformado por escritores y escritoras de larga trayectoria: Myrna Neumann de Rey, Pilar Mu\u00f1oz de Romano, Elena Zelada de Fiorio, Zunilda Blanchet, Mar\u00eda Teresa Aguirre de Balbuena, Jos\u00e9 Gabriel Ceballos ,Jos\u00e9 Gabriel Acosta, Jos\u00e9 Erasmo Gauto, Jos\u00e9 Antonio Moreyra, Ram\u00f3n Orlando Mendoza ,Arturo Zamudio Barrios y Carlos Buratti<br>Los socios honor\u00edficos: \u00c1ngel Ram\u00f3n M\u00e1ntaras M\u00e1rquez Lidia Gamarra de Blanco Edgar Pi\u00f1eyro Carlos Calmanash. Se har\u00e1 un reconocimiento post morten Walter Bechert.<\/p>\n\n\n\n<p>Ciclo Escritores Correntinos<\/p>\n\n\n\n<p>Por otra parte, ma\u00f1ana a las 18,30 en la Biblioteca se presentar\u00e1 el antolog\u00eda internacional \u201cRaza mbarete iteva\u201d en el marco del Ciclo Escritores Correntinos, coordinado por la profesora Silvia Pozo.<\/p>\n\n\n\n<figure class=\"wp-block-image size-large\"><img loading=\"lazy\" decoding=\"async\" width=\"1024\" height=\"1024\" src=\"https:\/\/corrientesdetarde.com\/wp-content\/uploads\/2023\/11\/WhatsApp-Image-2023-11-13-at-11.50.59_53228752-1024x1024.jpg\" alt=\"\" class=\"wp-image-102015\" srcset=\"https:\/\/corrientesdetarde.com\/wp-content\/uploads\/2023\/11\/WhatsApp-Image-2023-11-13-at-11.50.59_53228752-1024x1024.jpg 1024w, https:\/\/corrientesdetarde.com\/wp-content\/uploads\/2023\/11\/WhatsApp-Image-2023-11-13-at-11.50.59_53228752-300x300.jpg 300w, https:\/\/corrientesdetarde.com\/wp-content\/uploads\/2023\/11\/WhatsApp-Image-2023-11-13-at-11.50.59_53228752-150x150.jpg 150w, https:\/\/corrientesdetarde.com\/wp-content\/uploads\/2023\/11\/WhatsApp-Image-2023-11-13-at-11.50.59_53228752-768x768.jpg 768w, https:\/\/corrientesdetarde.com\/wp-content\/uploads\/2023\/11\/WhatsApp-Image-2023-11-13-at-11.50.59_53228752-1536x1536.jpg 1536w, https:\/\/corrientesdetarde.com\/wp-content\/uploads\/2023\/11\/WhatsApp-Image-2023-11-13-at-11.50.59_53228752.jpg 1562w\" sizes=\"auto, (max-width: 1024px) 100vw, 1024px\" \/><\/figure>\n","protected":false},"excerpt":{"rendered":"<p>Hoy, a las 18,30 en la Biblioteca de la Legislatura provincial, ubicada en Salta 545, se har\u00e1 p\u00fablica la Creaci\u00f3n del Consejo Consultivo \u201cARAND\u00da\u201d.La presentaci\u00f3n est\u00e1 organizada por la Vicegobernaci\u00f3n&hellip; <\/p>\n","protected":false},"author":1,"featured_media":102016,"comment_status":"closed","ping_status":"open","sticky":false,"template":"","format":"standard","meta":{"footnotes":""},"categories":[23],"tags":[],"class_list":["post-102014","post","type-post","status-publish","format-standard","has-post-thumbnail","hentry","category-actualidad"],"_links":{"self":[{"href":"https:\/\/corrientesdetarde.com\/index.php\/wp-json\/wp\/v2\/posts\/102014","targetHints":{"allow":["GET"]}}],"collection":[{"href":"https:\/\/corrientesdetarde.com\/index.php\/wp-json\/wp\/v2\/posts"}],"about":[{"href":"https:\/\/corrientesdetarde.com\/index.php\/wp-json\/wp\/v2\/types\/post"}],"author":[{"embeddable":true,"href":"https:\/\/corrientesdetarde.com\/index.php\/wp-json\/wp\/v2\/users\/1"}],"replies":[{"embeddable":true,"href":"https:\/\/corrientesdetarde.com\/index.php\/wp-json\/wp\/v2\/comments?post=102014"}],"version-history":[{"count":1,"href":"https:\/\/corrientesdetarde.com\/index.php\/wp-json\/wp\/v2\/posts\/102014\/revisions"}],"predecessor-version":[{"id":102024,"href":"https:\/\/corrientesdetarde.com\/index.php\/wp-json\/wp\/v2\/posts\/102014\/revisions\/102024"}],"wp:featuredmedia":[{"embeddable":true,"href":"https:\/\/corrientesdetarde.com\/index.php\/wp-json\/wp\/v2\/media\/102016"}],"wp:attachment":[{"href":"https:\/\/corrientesdetarde.com\/index.php\/wp-json\/wp\/v2\/media?parent=102014"}],"wp:term":[{"taxonomy":"category","embeddable":true,"href":"https:\/\/corrientesdetarde.com\/index.php\/wp-json\/wp\/v2\/categories?post=102014"},{"taxonomy":"post_tag","embeddable":true,"href":"https:\/\/corrientesdetarde.com\/index.php\/wp-json\/wp\/v2\/tags?post=102014"}],"curies":[{"name":"wp","href":"https:\/\/api.w.org\/{rel}","templated":true}]}}