{"id":102017,"date":"2023-11-13T12:10:29","date_gmt":"2023-11-13T15:10:29","guid":{"rendered":"https:\/\/corrientesdetarde.com\/?p=102017"},"modified":"2023-11-13T12:10:30","modified_gmt":"2023-11-13T15:10:30","slug":"boca-logro-un-resultado-clave-contra-newells-pero-sufrio-la-muy-dura-baja-de-cavani","status":"publish","type":"post","link":"https:\/\/corrientesdetarde.com\/index.php\/deportes\/boca-logro-un-resultado-clave-contra-newells-pero-sufrio-la-muy-dura-baja-de-cavani\/","title":{"rendered":"Boca logr\u00f3 un resultado clave contra Newell&#8217;s pero sufri\u00f3 la muy dura baja de Cavani"},"content":{"rendered":"\n<p><strong>Por Coco Ram\u00f3n<\/strong><\/p>\n\n\n\n<p>Termin\u00f3 la fecha n\u00famero 13 de la Copa de la Liga y Boca logr\u00f3 un resultado muy importante de cara a lo que es la pr\u00f3xima clasificaci\u00f3n a la Copa Libertadores de Am\u00e9rica por la tabla general, por la tabla de los puntos. Le gan\u00f3 1-0 a Newell&#8217;s, penal que ejecut\u00f3 Miguel Merentiel en el minuto 89, en el final del partido.<\/p>\n\n\n\n<figure class=\"wp-block-embed is-type-video is-provider-youtube wp-block-embed-youtube wp-embed-aspect-16-9 wp-has-aspect-ratio\"><div class=\"wp-block-embed__wrapper\">\n<iframe loading=\"lazy\" title=\"Boca logr\u00f3 un resultado clave contra Newells pero sufri\u00f3 la muy dura baja de Cavani\" width=\"1110\" height=\"624\" src=\"https:\/\/www.youtube.com\/embed\/bNcgTyo_VhQ?feature=oembed\" frameborder=\"0\" allow=\"accelerometer; autoplay; clipboard-write; encrypted-media; gyroscope; picture-in-picture; web-share\" allowfullscreen><\/iframe>\n<\/div><\/figure>\n\n\n\n<p>Un partido muy dif\u00edcil, muy trabajado, con altos y bajos en los rendimientos de los jugadores de Boca, pero en definitiva pudo terminar de sacar un resultado positivo, aunque a un precio inesperadamente caro: la lesi\u00f3n de Edinson Cavani. Por el lado de River, un fin de semana olvidable en el que otra vez cay\u00f3 de visitante en Rosario. El resto, en el videreporte de Coco Ram\u00f3n.<\/p>\n","protected":false},"excerpt":{"rendered":"<p>Por Coco Ram\u00f3n Termin\u00f3 la fecha n\u00famero 13 de la Copa de la Liga y Boca logr\u00f3 un resultado muy importante de cara a lo que es la pr\u00f3xima clasificaci\u00f3n&hellip; <\/p>\n","protected":false},"author":11,"featured_media":102033,"comment_status":"closed","ping_status":"open","sticky":false,"template":"","format":"standard","meta":{"footnotes":""},"categories":[4],"tags":[],"class_list":["post-102017","post","type-post","status-publish","format-standard","has-post-thumbnail","hentry","category-deportes"],"_links":{"self":[{"href":"https:\/\/corrientesdetarde.com\/index.php\/wp-json\/wp\/v2\/posts\/102017","targetHints":{"allow":["GET"]}}],"collection":[{"href":"https:\/\/corrientesdetarde.com\/index.php\/wp-json\/wp\/v2\/posts"}],"about":[{"href":"https:\/\/corrientesdetarde.com\/index.php\/wp-json\/wp\/v2\/types\/post"}],"author":[{"embeddable":true,"href":"https:\/\/corrientesdetarde.com\/index.php\/wp-json\/wp\/v2\/users\/11"}],"replies":[{"embeddable":true,"href":"https:\/\/corrientesdetarde.com\/index.php\/wp-json\/wp\/v2\/comments?post=102017"}],"version-history":[{"count":1,"href":"https:\/\/corrientesdetarde.com\/index.php\/wp-json\/wp\/v2\/posts\/102017\/revisions"}],"predecessor-version":[{"id":102034,"href":"https:\/\/corrientesdetarde.com\/index.php\/wp-json\/wp\/v2\/posts\/102017\/revisions\/102034"}],"wp:featuredmedia":[{"embeddable":true,"href":"https:\/\/corrientesdetarde.com\/index.php\/wp-json\/wp\/v2\/media\/102033"}],"wp:attachment":[{"href":"https:\/\/corrientesdetarde.com\/index.php\/wp-json\/wp\/v2\/media?parent=102017"}],"wp:term":[{"taxonomy":"category","embeddable":true,"href":"https:\/\/corrientesdetarde.com\/index.php\/wp-json\/wp\/v2\/categories?post=102017"},{"taxonomy":"post_tag","embeddable":true,"href":"https:\/\/corrientesdetarde.com\/index.php\/wp-json\/wp\/v2\/tags?post=102017"}],"curies":[{"name":"wp","href":"https:\/\/api.w.org\/{rel}","templated":true}]}}