{"id":102019,"date":"2023-11-13T12:09:26","date_gmt":"2023-11-13T15:09:26","guid":{"rendered":"https:\/\/corrientesdetarde.com\/?p=102019"},"modified":"2023-11-13T12:09:37","modified_gmt":"2023-11-13T15:09:37","slug":"el-particular-mensaje-de-madrugada-de-charlotte-caniggia-mientras-veia-el-debate-presidencial","status":"publish","type":"post","link":"https:\/\/corrientesdetarde.com\/index.php\/espectaculos\/el-particular-mensaje-de-madrugada-de-charlotte-caniggia-mientras-veia-el-debate-presidencial\/","title":{"rendered":"El particular mensaje de madrugada de Charlotte Caniggia mientras ve\u00eda el debate presidencial"},"content":{"rendered":"\n<p>Varios famosos expresaron su opini\u00f3n sobre el\u00a0<strong>debate presidencial entre Sergio Massa y Javier Milei<\/strong>. Quien no se qued\u00f3 atr\u00e1s fue\u00a0<strong>Charlotte Caniggia<\/strong>\u00a0que comparti\u00f3 un particular mensaje en sus redes sociales y caus\u00f3 sorpresa.<\/p>\n\n\n\n<p>La medi\u00e1tica no dud\u00f3 en demostrar su fuerte apoyo hacia el l\u00edder de La Libertad Avanza.\u00a0<strong>\u201cVamos con todo\u201d<\/strong>, escribi\u00f3 ella en letras may\u00fasculas junto a una foto de su televisor.\u00a0<strong>\u201cHaci\u00e9ndole el aguante al uno\u201d<\/strong>, sum\u00f3 para dejar en claro su postura pol\u00edtica.<\/p>\n\n\n\n<p>Esta es la primera vez que Charlotte se muestra a favor de uno de los candidatos.<strong>&nbsp;\u201cAl ped&#8230; votar por uno u otro, si todos van a chorear\u201d<\/strong>, hab\u00eda dicho a principios de octubre luego del segundo debate presidencial que tuvo a Myriam Bregman, Patricia Bullrich, Sergio Massa, Juan Schiaretti y Javier Milei.<\/p>\n\n\n\n<figure class=\"wp-block-image\"><img decoding=\"async\" src=\"https:\/\/tn.com.ar\/resizer\/GN9G7788Bkl2mtu7cywOHymc1dY=\/767x0\/smart\/filters:format(webp)\/cloudfront-us-east-1.images.arcpublishing.com\/artear\/V6SPW4ID2JCMROECA2YILMSFRE.png\" alt=\"El posteo de Charlotte Caniggia por el debate presidencial entre Sergio Massa y Javier Milei. (Foto: Instagram\/chcaniggia_n)\"\/><figcaption>El posteo de Charlotte Caniggia por el debate presidencial entre Sergio Massa y Javier Milei. (Foto: Instagram\/chcaniggia_n)<\/figcaption><\/figure>\n\n\n\n<p><strong>\u201cNo me interesa la pol\u00edtica, no van a hacer nada por nosotros\u201d,<\/strong>\u00a0expres\u00f3 tambi\u00e9n semanas atr\u00e1s al aire del\u00a0<em>Bailando 2023 (Am\u00e9rica)\u00a0<\/em>cuando\u00a0<strong>Marcelo Tinelli<\/strong>\u00a0le pregunt\u00f3 cu\u00e1l era su postura ante las elecciones.<strong>\u00a0\u201cNo voy a votar, prefiero pagar la multa y listo\u201d<\/strong>, hab\u00eda manifestado tambi\u00e9n la medi\u00e1tica que siempre dej\u00f3 en claro su desconocimiento por los temas pol\u00edticos o econ\u00f3micos del pa\u00eds.<\/p>\n\n\n\n<p>Sin embargo, este domingo Charlotte s\u00ed decidi\u00f3 ver el debate y as\u00ed lo comparti\u00f3 en sus redes sociales. Su hermano\u00a0<strong>Alex Caniggia<\/strong>\u00a0tambi\u00e9n se mostr\u00f3 a favor de Javier Milei con\u00a0<strong>contundentes mensajes de apoyo<\/strong>.<\/p>\n\n\n\n<h2 class=\"wp-block-heading\">La reacci\u00f3n en las redes sociales por el curioso mensaje de Charlotte Canigia<\/h2>\n\n\n\n<p>Los internautas quedaron impactados por el posteo que Charlotte hizo en su perfil oficial de la camarita. A trav\u00e9s de Twitter, un usuario expres\u00f3:&nbsp;<strong>\u201cAhora quiere trabajar y tambi\u00e9n votar. \u00a1Qu\u00e9 giro dio! Va madurando\u201d<\/strong>.<\/p>\n\n\n\n<p>\u201cTodo bien hace esta se\u00f1orita\u201d,<strong>&nbsp;\u201cEs una reina\u201d<\/strong>, \u201cLa amo\u201d, fueron otras de las reacciones que aparecieron luego de que la medi\u00e1tica dejara en claro su postura pol\u00edtica. Tambi\u00e9n, hubo quienes se mostraron en contra de ella:&nbsp;<strong>\u201cY si es hueca\u201d<\/strong>.<\/p>\n\n\n\n<figure class=\"wp-block-image\"><img decoding=\"async\" src=\"https:\/\/tn.com.ar\/resizer\/BzPha_XaUG7gfWp5eu4d0kGTCh0=\/767x0\/smart\/filters:format(webp)\/cloudfront-us-east-1.images.arcpublishing.com\/artear\/N3BWF23Z7RAQDOSU3DJYZZOY5M.jpg\" alt=\"En las redes sociales recurrieron a las frases de Charlotte Caniggia sobre las elecciones. (Foto: Captura Twitter\/abrilq01 - brisaarias0)\"\/><figcaption>En las redes sociales recurrieron a las frases de Charlotte Caniggia sobre las elecciones. (Foto: Captura Twitter\/abrilq01 &#8211; brisaarias0)<\/figcaption><\/figure>\n\n\n\n<p>Incluso, una usuaria record\u00f3 el pensamiento que la participante del&nbsp;<em>Bailando 2023&nbsp;<\/em>ten\u00eda sobre las elecciones y su&nbsp;<strong>desmotivaci\u00f3n para votar<\/strong>. \u201cQu\u00e9 me importa Massa, qu\u00e9 me importa Milei, si como dijo Charlotte Caniggia: cualquiera de estos se van a chorear el pa\u00eds\u201d.<\/p>\n","protected":false},"excerpt":{"rendered":"<p>Varios famosos expresaron su opini\u00f3n sobre el\u00a0debate presidencial entre Sergio Massa y Javier Milei. Quien no se qued\u00f3 atr\u00e1s fue\u00a0Charlotte Caniggia\u00a0que comparti\u00f3 un particular mensaje en sus redes sociales y&hellip; <\/p>\n","protected":false},"author":12,"featured_media":102031,"comment_status":"closed","ping_status":"open","sticky":false,"template":"","format":"standard","meta":{"footnotes":""},"categories":[19],"tags":[],"class_list":["post-102019","post","type-post","status-publish","format-standard","has-post-thumbnail","hentry","category-espectaculos"],"_links":{"self":[{"href":"https:\/\/corrientesdetarde.com\/index.php\/wp-json\/wp\/v2\/posts\/102019","targetHints":{"allow":["GET"]}}],"collection":[{"href":"https:\/\/corrientesdetarde.com\/index.php\/wp-json\/wp\/v2\/posts"}],"about":[{"href":"https:\/\/corrientesdetarde.com\/index.php\/wp-json\/wp\/v2\/types\/post"}],"author":[{"embeddable":true,"href":"https:\/\/corrientesdetarde.com\/index.php\/wp-json\/wp\/v2\/users\/12"}],"replies":[{"embeddable":true,"href":"https:\/\/corrientesdetarde.com\/index.php\/wp-json\/wp\/v2\/comments?post=102019"}],"version-history":[{"count":1,"href":"https:\/\/corrientesdetarde.com\/index.php\/wp-json\/wp\/v2\/posts\/102019\/revisions"}],"predecessor-version":[{"id":102032,"href":"https:\/\/corrientesdetarde.com\/index.php\/wp-json\/wp\/v2\/posts\/102019\/revisions\/102032"}],"wp:featuredmedia":[{"embeddable":true,"href":"https:\/\/corrientesdetarde.com\/index.php\/wp-json\/wp\/v2\/media\/102031"}],"wp:attachment":[{"href":"https:\/\/corrientesdetarde.com\/index.php\/wp-json\/wp\/v2\/media?parent=102019"}],"wp:term":[{"taxonomy":"category","embeddable":true,"href":"https:\/\/corrientesdetarde.com\/index.php\/wp-json\/wp\/v2\/categories?post=102019"},{"taxonomy":"post_tag","embeddable":true,"href":"https:\/\/corrientesdetarde.com\/index.php\/wp-json\/wp\/v2\/tags?post=102019"}],"curies":[{"name":"wp","href":"https:\/\/api.w.org\/{rel}","templated":true}]}}