{"id":102022,"date":"2023-11-13T12:05:05","date_gmt":"2023-11-13T15:05:05","guid":{"rendered":"https:\/\/corrientesdetarde.com\/?p=102022"},"modified":"2023-11-13T12:05:16","modified_gmt":"2023-11-13T15:05:16","slug":"edinson-cavani-recibio-una-mala-noticia-despues-de-su-molestia-muscular-en-el-ultimo-partido-de-boca","status":"publish","type":"post","link":"https:\/\/corrientesdetarde.com\/index.php\/deportes\/edinson-cavani-recibio-una-mala-noticia-despues-de-su-molestia-muscular-en-el-ultimo-partido-de-boca\/","title":{"rendered":"Edinson Cavani recibi\u00f3 una mala noticia despu\u00e9s de su molestia muscular en el \u00faltimo partido de Boca"},"content":{"rendered":"\n<p>D\u00edas duros para\u00a0Edinson Cavani. Despu\u00e9s de perder la final de la Copa Libertadores ante Fluminense, donde el delantero no tuvo un buen partido,\u00a0ayer pidi\u00f3 el cambio en el choque entre Boca y Newells. Hoy, la Selecci\u00f3n de Uruguay public\u00f3 la lista oficial para los pr\u00f3ximos dos partidos y el futbolista ex-PSG no se encuentra en ella.<\/p>\n\n\n\n<p>Pensando en los duelos de Eliminatorias rumbo al Mundial de 2026, Marcelo Bielsa decidi\u00f3 no convocar al Matador. S\u00ed se encuentra Luis Su\u00e1rez, de buen presente en Gremio y con futuro en el Inter de Miami de Lionel Messi.<\/p>\n\n\n\n<p>Se especula que durante el d\u00eda, el Xeneize publicar\u00e1 en sus redes sociales el grado de la lesi\u00f3n de Cavani. El elenco de la Ribera ya no tiene posibilidades de meterse entre los 4 mejores de su zona en el torneo local, por lo que apuesta todo a la Copa Argentina.<\/p>\n\n\n\n<p>El mi\u00e9rcoles 22 de noviembre, se medir\u00e1 ante Estudiantes para intentar meterse en la final de la competencia. \u00bfLlegar\u00e1 Cavani?<\/p>\n\n\n\n<figure class=\"wp-block-image\"><img decoding=\"async\" src=\"https:\/\/tn.com.ar\/resizer\/k55b6jVOV-AXWB-y1xqYghsddGk=\/767x0\/smart\/filters:format(webp)\/cloudfront-us-east-1.images.arcpublishing.com\/artear\/MFXYHTNN5RBMFHVGL5E3YJXG5Y.jfif\" alt=\"La lista oficial de los jugadores de la Selecci\u00f3n Uruguay.\"\/><figcaption>La lista oficial de los jugadores de la Selecci\u00f3n Uruguay.<\/figcaption><\/figure>\n","protected":false},"excerpt":{"rendered":"<p>D\u00edas duros para\u00a0Edinson Cavani. Despu\u00e9s de perder la final de la Copa Libertadores ante Fluminense, donde el delantero no tuvo un buen partido,\u00a0ayer pidi\u00f3 el cambio en el choque entre&hellip; <\/p>\n","protected":false},"author":12,"featured_media":102027,"comment_status":"closed","ping_status":"open","sticky":false,"template":"","format":"standard","meta":{"footnotes":""},"categories":[4],"tags":[],"class_list":["post-102022","post","type-post","status-publish","format-standard","has-post-thumbnail","hentry","category-deportes"],"_links":{"self":[{"href":"https:\/\/corrientesdetarde.com\/index.php\/wp-json\/wp\/v2\/posts\/102022","targetHints":{"allow":["GET"]}}],"collection":[{"href":"https:\/\/corrientesdetarde.com\/index.php\/wp-json\/wp\/v2\/posts"}],"about":[{"href":"https:\/\/corrientesdetarde.com\/index.php\/wp-json\/wp\/v2\/types\/post"}],"author":[{"embeddable":true,"href":"https:\/\/corrientesdetarde.com\/index.php\/wp-json\/wp\/v2\/users\/12"}],"replies":[{"embeddable":true,"href":"https:\/\/corrientesdetarde.com\/index.php\/wp-json\/wp\/v2\/comments?post=102022"}],"version-history":[{"count":1,"href":"https:\/\/corrientesdetarde.com\/index.php\/wp-json\/wp\/v2\/posts\/102022\/revisions"}],"predecessor-version":[{"id":102028,"href":"https:\/\/corrientesdetarde.com\/index.php\/wp-json\/wp\/v2\/posts\/102022\/revisions\/102028"}],"wp:featuredmedia":[{"embeddable":true,"href":"https:\/\/corrientesdetarde.com\/index.php\/wp-json\/wp\/v2\/media\/102027"}],"wp:attachment":[{"href":"https:\/\/corrientesdetarde.com\/index.php\/wp-json\/wp\/v2\/media?parent=102022"}],"wp:term":[{"taxonomy":"category","embeddable":true,"href":"https:\/\/corrientesdetarde.com\/index.php\/wp-json\/wp\/v2\/categories?post=102022"},{"taxonomy":"post_tag","embeddable":true,"href":"https:\/\/corrientesdetarde.com\/index.php\/wp-json\/wp\/v2\/tags?post=102022"}],"curies":[{"name":"wp","href":"https:\/\/api.w.org\/{rel}","templated":true}]}}