{"id":102023,"date":"2023-11-13T12:02:58","date_gmt":"2023-11-13T15:02:58","guid":{"rendered":"https:\/\/corrientesdetarde.com\/?p=102023"},"modified":"2023-11-13T12:03:09","modified_gmt":"2023-11-13T15:03:09","slug":"realizaran-un-simulacro-de-emergencia-en-aeroparque-cuando-sera-y-que-calles-estaran-afectadas","status":"publish","type":"post","link":"https:\/\/corrientesdetarde.com\/index.php\/sociales\/realizaran-un-simulacro-de-emergencia-en-aeroparque-cuando-sera-y-que-calles-estaran-afectadas\/","title":{"rendered":"Realizar\u00e1n un simulacro de emergencia en Aeroparque: cu\u00e1ndo ser\u00e1 y qu\u00e9 calles estar\u00e1n afectadas"},"content":{"rendered":"\n<p>Se realizar\u00e1 un<strong>\u00a0simulacro general de emergencia a\u00e9rea en el\u00a0Aeroparque Metropolitano Jorge Newbery<\/strong>\u00a0que contar\u00e1 con la participaci\u00f3n de m\u00e1s de<strong>\u00a0300 personas.<\/strong><\/p>\n\n\n\n<p>El despliegue estar\u00e1 compuesto por\u00a0<strong>3 autobombas, 6 ambulancias y 5 helic\u00f3pteros<\/strong>\u00a0para la puesta en escena, en la que, adem\u00e1s, participar\u00e1n m\u00e1s de 30 personas que ocupar\u00e1n el lugar de v\u00edctimas en un accidente.<\/p>\n\n\n\n<h2 class=\"wp-block-heading\">Cu\u00e1ndo ser\u00e1 el simulacro en Aeroparque<\/h2>\n\n\n\n<p>El simulacro se realizar\u00e1 el&nbsp;<strong>jueves 23 de noviembre de 9 a 11.<\/strong><\/p>\n\n\n\n<p>Est\u00e1 a cargo de la Administraci\u00f3n Nacional de Aviaci\u00f3n Civil (ANAC) como puesta en pr\u00e1ctica del Plan de Emergencia Aeroportuario (PEA) para dar cumplimiento de las normas y recomendaciones de la Organizaci\u00f3n de Aviaci\u00f3n Civil Internacional (OACI), la agencia especializada en Aviaci\u00f3n Civil de Naciones Unidas.<\/p>\n\n\n\n<figure class=\"wp-block-image\"><img decoding=\"async\" src=\"https:\/\/tn.com.ar\/resizer\/VRRJ0I0QfnQQ0oDnobKWMC09VY8=\/767x0\/smart\/filters:format(webp)\/cloudfront-us-east-1.images.arcpublishing.com\/artear\/ZXN6HR43FFCUDD6EHKB77BXTZE.jpg\" alt=\"El simulacro se realizar\u00e1 el 23 de noviembre.  (Foto: REUTERS\/Agustin Marcarian)\"\/><figcaption>El simulacro se realizar\u00e1 el 23 de noviembre. (Foto: REUTERS\/Agustin Marcarian)<\/figcaption><\/figure>\n\n\n\n<p>El simulacro contar\u00e1 con la participaci\u00f3n de m\u00e1s de<strong>&nbsp;300 personas,&nbsp;<\/strong>con un despliegue de 3 autobombas, 6 ambulancias y 5 helic\u00f3pteros para la puesta en escena. Adem\u00e1s, desde ANAC informaron que participar\u00e1n m\u00e1s de 30 personas simulando ser v\u00edctimas de un accidente a\u00e9reo.<\/p>\n\n\n\n<h2 class=\"wp-block-heading\">Por qu\u00e9 se realiza un simulacro de emergencia en Aeroparque<\/h2>\n\n\n\n<p>Se realiza para evaluar:<\/p>\n\n\n\n<ul class=\"wp-block-list\"><li><strong>Los tiempos de repuesta de todos los organismos involucrados<\/strong><\/li><li><strong>Las medidas de acci\u00f3n tomadas<\/strong><\/li><li><strong>La familiarizaci\u00f3n de los Servicios Propios y Concurrentes al aeropuerto<\/strong><\/li><li><strong>La complejidad de acci\u00f3n en dos escenarios distintos (helipuerto y aeropuerto)<\/strong><\/li><\/ul>\n\n\n\n<h2 class=\"wp-block-heading\">Simulacro de emergencia en Aeroparque: qu\u00e9 calles estar\u00e1n cortadas<\/h2>\n\n\n\n<p>Habr\u00e1 cortes viales en:<\/p>\n\n\n\n<ul class=\"wp-block-list\"><li>Avenida Costanera y avenida Sarmiento (este-oeste).<\/li><li>Autopista Illia bajada Av. Sarmiento.<\/li><li>Avenida Lugones bajada R\u00edo de La Plata.<\/li><li>Avenida Sarmiento y Avenida Figueroa Alcorta.<\/li><\/ul>\n\n\n\n<h2 class=\"wp-block-heading\">C\u00f3mo se realizar\u00e1 el simulacro<\/h2>\n\n\n\n<p>La hip\u00f3tesis de este ejercicio se basa en una simulaci\u00f3n de una aeronave aproximando a la pista 31 de Aeroparque, con mercanc\u00edas peligrosas a bordo, que sufre una\u00a0<strong>colisi\u00f3n\u00a0<\/strong>con un helic\u00f3ptero que se encuentra despegando desde el helipuerto Dr. Alfredo Lanari, cercano al aeropuerto.<\/p>\n\n\n\n<p>Luego de la colisi\u00f3n, la aeronave realiza un aterrizaje de emergencia por la pista mencionada y el helic\u00f3ptero realiza amerizaje sobre el r\u00edo lateral al aeropuerto.<\/p>\n\n\n\n<p>En el lugar trabajar\u00e1n la ANAC, la Aerostaci\u00f3n Militar Aeroparque, Aeropuertos Argentina 2000, Empresa Argentina de Navegaci\u00f3n A\u00e9rea (EANA), Polic\u00eda de Seguridad Aeeroportuaria (PSA) y el SAME (Base AER).<\/p>\n","protected":false},"excerpt":{"rendered":"<p>Se realizar\u00e1 un\u00a0simulacro general de emergencia a\u00e9rea en el\u00a0Aeroparque Metropolitano Jorge Newbery\u00a0que contar\u00e1 con la participaci\u00f3n de m\u00e1s de\u00a0300 personas. El despliegue estar\u00e1 compuesto por\u00a03 autobombas, 6 ambulancias y 5&hellip; <\/p>\n","protected":false},"author":12,"featured_media":102025,"comment_status":"closed","ping_status":"open","sticky":false,"template":"","format":"standard","meta":{"footnotes":""},"categories":[17],"tags":[],"class_list":["post-102023","post","type-post","status-publish","format-standard","has-post-thumbnail","hentry","category-sociales"],"_links":{"self":[{"href":"https:\/\/corrientesdetarde.com\/index.php\/wp-json\/wp\/v2\/posts\/102023","targetHints":{"allow":["GET"]}}],"collection":[{"href":"https:\/\/corrientesdetarde.com\/index.php\/wp-json\/wp\/v2\/posts"}],"about":[{"href":"https:\/\/corrientesdetarde.com\/index.php\/wp-json\/wp\/v2\/types\/post"}],"author":[{"embeddable":true,"href":"https:\/\/corrientesdetarde.com\/index.php\/wp-json\/wp\/v2\/users\/12"}],"replies":[{"embeddable":true,"href":"https:\/\/corrientesdetarde.com\/index.php\/wp-json\/wp\/v2\/comments?post=102023"}],"version-history":[{"count":1,"href":"https:\/\/corrientesdetarde.com\/index.php\/wp-json\/wp\/v2\/posts\/102023\/revisions"}],"predecessor-version":[{"id":102026,"href":"https:\/\/corrientesdetarde.com\/index.php\/wp-json\/wp\/v2\/posts\/102023\/revisions\/102026"}],"wp:featuredmedia":[{"embeddable":true,"href":"https:\/\/corrientesdetarde.com\/index.php\/wp-json\/wp\/v2\/media\/102025"}],"wp:attachment":[{"href":"https:\/\/corrientesdetarde.com\/index.php\/wp-json\/wp\/v2\/media?parent=102023"}],"wp:term":[{"taxonomy":"category","embeddable":true,"href":"https:\/\/corrientesdetarde.com\/index.php\/wp-json\/wp\/v2\/categories?post=102023"},{"taxonomy":"post_tag","embeddable":true,"href":"https:\/\/corrientesdetarde.com\/index.php\/wp-json\/wp\/v2\/tags?post=102023"}],"curies":[{"name":"wp","href":"https:\/\/api.w.org\/{rel}","templated":true}]}}