{"id":102035,"date":"2023-11-13T12:46:38","date_gmt":"2023-11-13T15:46:38","guid":{"rendered":"https:\/\/corrientesdetarde.com\/?p=102035"},"modified":"2023-11-13T12:53:20","modified_gmt":"2023-11-13T15:53:20","slug":"tratamiento-de-la-obesidad","status":"publish","type":"post","link":"https:\/\/corrientesdetarde.com\/index.php\/destacados\/tratamiento-de-la-obesidad\/","title":{"rendered":"Tratamiento de la obesidad: El Vicegobernador distingui\u00f3 la labor del Instituto Centro Cien"},"content":{"rendered":"\n<p><\/p>\n\n\n\n<p>Se realiz\u00f3 en el recinto de sesiones una charla de concientizaci\u00f3n sobre la Obesidad y sus consecuencias, ofrecida por los especialistas Dra. Marianela Aguirre Ackermann y el Dr. Edgardo Serra, e impulsada por el Vicegobernador, Pedro Braillard Poccard.<\/p>\n\n\n\n<p>Los directores del Centro Cien disertaron sobre los distintos tratamientos para la obesidad que est\u00e1n vigentes en la Argentina. La Dra. Aguirre Ackermann expres\u00f3 en este marco \u201ces un honor compartir en este lugar lo nuevo de esta enfermedad cr\u00f3nica compleja, que tiene sus causas que tienen que ver no s\u00f3lo con la comida sino tambi\u00e9n con el comportamiento en el entorno que construimos; la g\u00e9nesis de la obesidad merece tratamiento como la hipertensi\u00f3n arterial y la diabetes tipo 2, consideradas enfermedades. Desde nuestra experiencia, buscamos concientizar con informaci\u00f3n cient\u00edfica y relevante con los avances respecto al tratamiento con mejores planes de alimentaci\u00f3n, comportamiento, actividad f\u00edsica, f\u00e1rmacos y cirug\u00eda bari\u00e1trica; lo que brindamos desde el Centro con un equipo interdisciplinario\u201d.<\/p>\n\n\n\n<p>Por su parte, Braillard Poccard se\u00f1al\u00f3 \u201cdesde el Senado estamos comprometidos en abordar aquellos temas que son relevantes para la sociedad, reflexionar sobre el cuidado de la salud, como esta epidemia que acecha a nuestro tiempo que es la obesidad; y poder instruir a trav\u00e9s de herramientas efectivas sobre c\u00f3mo afrontar estas problem\u00e1ticas. Felicito a los profesionales por su destacada labor y por brindar una instituci\u00f3n de excelencia en la provincia\u201d.<\/p>\n\n\n\n<p>El Vicegobernador, acompa\u00f1ado por la diputada Albana Rotela, hicieron entrega del reconocimiento \u201cLibertador General San Martin\u201d a los profesionales distinguiendo m\u00e1s de 15 a\u00f1os de experiencia, adem\u00e1s de una declaraci\u00f3n de inter\u00e9s legislativo al cumplirse los diez a\u00f1os del Instituto.<\/p>\n\n\n\n<p>El Instituto ha realizado m\u00e1s de 7000 cirug\u00edas laparosc\u00f3picas, cuenta con m\u00e1s de 1.000 pacientes recuperados con tratamientos quir\u00fargicos de la obesidad y otros miles de pacientes atendidos exitosamente en tratamiento m\u00e9dico de distintas enfermedades a lo largo de estos 15 a\u00f1os.<\/p>\n\n\n\n<figure class=\"wp-block-gallery has-nested-images columns-default is-cropped wp-block-gallery-1 is-layout-flex wp-block-gallery-is-layout-flex\">\n<figure class=\"wp-block-image size-large\"><img loading=\"lazy\" decoding=\"async\" width=\"1024\" height=\"683\" data-id=\"102036\" src=\"https:\/\/corrientesdetarde.com\/wp-content\/uploads\/2023\/11\/IMG-20231113-WA0003-1024x683.jpg\" alt=\"\" class=\"wp-image-102036\" srcset=\"https:\/\/corrientesdetarde.com\/wp-content\/uploads\/2023\/11\/IMG-20231113-WA0003-1024x683.jpg 1024w, https:\/\/corrientesdetarde.com\/wp-content\/uploads\/2023\/11\/IMG-20231113-WA0003-300x200.jpg 300w, https:\/\/corrientesdetarde.com\/wp-content\/uploads\/2023\/11\/IMG-20231113-WA0003-768x512.jpg 768w, https:\/\/corrientesdetarde.com\/wp-content\/uploads\/2023\/11\/IMG-20231113-WA0003-1536x1024.jpg 1536w, https:\/\/corrientesdetarde.com\/wp-content\/uploads\/2023\/11\/IMG-20231113-WA0003.jpg 1599w\" sizes=\"auto, (max-width: 1024px) 100vw, 1024px\" \/><\/figure>\n\n\n\n<figure class=\"wp-block-image size-large\"><img loading=\"lazy\" decoding=\"async\" width=\"1024\" height=\"576\" data-id=\"102039\" src=\"https:\/\/corrientesdetarde.com\/wp-content\/uploads\/2023\/11\/IMG-20231113-WA0006-1024x576.jpg\" alt=\"\" class=\"wp-image-102039\" srcset=\"https:\/\/corrientesdetarde.com\/wp-content\/uploads\/2023\/11\/IMG-20231113-WA0006-1024x576.jpg 1024w, https:\/\/corrientesdetarde.com\/wp-content\/uploads\/2023\/11\/IMG-20231113-WA0006-300x169.jpg 300w, https:\/\/corrientesdetarde.com\/wp-content\/uploads\/2023\/11\/IMG-20231113-WA0006-768x432.jpg 768w, https:\/\/corrientesdetarde.com\/wp-content\/uploads\/2023\/11\/IMG-20231113-WA0006-1536x864.jpg 1536w, https:\/\/corrientesdetarde.com\/wp-content\/uploads\/2023\/11\/IMG-20231113-WA0006.jpg 1599w\" sizes=\"auto, (max-width: 1024px) 100vw, 1024px\" \/><\/figure>\n<\/figure>\n\n\n\n<figure class=\"wp-block-image size-large\"><img loading=\"lazy\" decoding=\"async\" width=\"1024\" height=\"683\" src=\"https:\/\/corrientesdetarde.com\/wp-content\/uploads\/2023\/11\/IMG-20231113-WA0005-1024x683.jpg\" alt=\"\" class=\"wp-image-102037\" srcset=\"https:\/\/corrientesdetarde.com\/wp-content\/uploads\/2023\/11\/IMG-20231113-WA0005-1024x683.jpg 1024w, https:\/\/corrientesdetarde.com\/wp-content\/uploads\/2023\/11\/IMG-20231113-WA0005-300x200.jpg 300w, https:\/\/corrientesdetarde.com\/wp-content\/uploads\/2023\/11\/IMG-20231113-WA0005-768x512.jpg 768w, https:\/\/corrientesdetarde.com\/wp-content\/uploads\/2023\/11\/IMG-20231113-WA0005-1536x1024.jpg 1536w, https:\/\/corrientesdetarde.com\/wp-content\/uploads\/2023\/11\/IMG-20231113-WA0005.jpg 1599w\" sizes=\"auto, (max-width: 1024px) 100vw, 1024px\" \/><\/figure>\n","protected":false},"excerpt":{"rendered":"<p>Se realiz\u00f3 en el recinto de sesiones una charla de concientizaci\u00f3n sobre la Obesidad y sus consecuencias, ofrecida por los especialistas Dra. Marianela Aguirre Ackermann y el Dr. Edgardo Serra,&hellip; <\/p>\n","protected":false},"author":1,"featured_media":102038,"comment_status":"closed","ping_status":"open","sticky":false,"template":"","format":"standard","meta":{"footnotes":""},"categories":[26],"tags":[],"class_list":["post-102035","post","type-post","status-publish","format-standard","has-post-thumbnail","hentry","category-destacados"],"_links":{"self":[{"href":"https:\/\/corrientesdetarde.com\/index.php\/wp-json\/wp\/v2\/posts\/102035","targetHints":{"allow":["GET"]}}],"collection":[{"href":"https:\/\/corrientesdetarde.com\/index.php\/wp-json\/wp\/v2\/posts"}],"about":[{"href":"https:\/\/corrientesdetarde.com\/index.php\/wp-json\/wp\/v2\/types\/post"}],"author":[{"embeddable":true,"href":"https:\/\/corrientesdetarde.com\/index.php\/wp-json\/wp\/v2\/users\/1"}],"replies":[{"embeddable":true,"href":"https:\/\/corrientesdetarde.com\/index.php\/wp-json\/wp\/v2\/comments?post=102035"}],"version-history":[{"count":3,"href":"https:\/\/corrientesdetarde.com\/index.php\/wp-json\/wp\/v2\/posts\/102035\/revisions"}],"predecessor-version":[{"id":102042,"href":"https:\/\/corrientesdetarde.com\/index.php\/wp-json\/wp\/v2\/posts\/102035\/revisions\/102042"}],"wp:featuredmedia":[{"embeddable":true,"href":"https:\/\/corrientesdetarde.com\/index.php\/wp-json\/wp\/v2\/media\/102038"}],"wp:attachment":[{"href":"https:\/\/corrientesdetarde.com\/index.php\/wp-json\/wp\/v2\/media?parent=102035"}],"wp:term":[{"taxonomy":"category","embeddable":true,"href":"https:\/\/corrientesdetarde.com\/index.php\/wp-json\/wp\/v2\/categories?post=102035"},{"taxonomy":"post_tag","embeddable":true,"href":"https:\/\/corrientesdetarde.com\/index.php\/wp-json\/wp\/v2\/tags?post=102035"}],"curies":[{"name":"wp","href":"https:\/\/api.w.org\/{rel}","templated":true}]}}