{"id":102114,"date":"2023-11-13T16:35:15","date_gmt":"2023-11-13T19:35:15","guid":{"rendered":"https:\/\/corrientesdetarde.com\/?p=102114"},"modified":"2023-11-13T16:35:19","modified_gmt":"2023-11-13T19:35:19","slug":"vos-si-podes-en-el-barrio-san-roque-oeste","status":"publish","type":"post","link":"https:\/\/corrientesdetarde.com\/index.php\/sociales\/vos-si-podes-en-el-barrio-san-roque-oeste\/","title":{"rendered":"\u201cVos si Pod\u00e9s\u201d en el Barrio San Roque Oeste"},"content":{"rendered":"\n<p><strong>Se realiz\u00f3 una nueva jornada exitosa de la capacitaci\u00f3n \u201cVos si pod\u00e9s\u201d organizado por el Ministerio de Desarrollo Social, a trav\u00e9s de la subsecretar\u00eda de Desarrollo Humano e Igualdad<\/strong><\/p>\n\n\n\n<p>La Subsecretar\u00eda de Desarrollo Humano e Igualdad, bajo la direcci\u00f3n de la Lic. Gabriela Castro, llev\u00f3 a cabo, este viernes 10 de noviembre, en Av. Maip\u00fa al 6000 la capacitaci\u00f3n titulada &#8220;VOS S\u00cd POD\u00c9S&#8221;, con la participaci\u00f3n de un nutrido grupo de vecinos.<\/p>\n\n\n\n<p>&nbsp;Durante el evento se abordaron temas como las diversas situaciones domesticas que pueden experimentar las personas que conviven, el rol de la mujer en el hogar y la posibilidad de participar en distintos talleres con el objetivo de emprender. La capacitaci\u00f3n fue dictada por el Magister Alejandro Bottini.<\/p>\n\n\n\n<p>Los ni\u00f1os tambi\u00e9n se capacitaron bajo el programa \u201cVos sos un Superh\u00e9roe\u201d, compartieron juegos, dibujos, peloteros y golosinas.&nbsp; Finalizada la jornada se les brind\u00f3 un refrigerio a las familias presentes.<\/p>\n\n\n\n<figure class=\"wp-block-image size-large\"><img loading=\"lazy\" decoding=\"async\" width=\"1024\" height=\"770\" src=\"https:\/\/corrientesdetarde.com\/wp-content\/uploads\/2023\/11\/image-283-1024x770.png\" alt=\"\" class=\"wp-image-102116\" srcset=\"https:\/\/corrientesdetarde.com\/wp-content\/uploads\/2023\/11\/image-283-1024x770.png 1024w, https:\/\/corrientesdetarde.com\/wp-content\/uploads\/2023\/11\/image-283-300x226.png 300w, https:\/\/corrientesdetarde.com\/wp-content\/uploads\/2023\/11\/image-283-768x578.png 768w, https:\/\/corrientesdetarde.com\/wp-content\/uploads\/2023\/11\/image-283.png 1280w\" sizes=\"auto, (max-width: 1024px) 100vw, 1024px\" \/><\/figure>\n","protected":false},"excerpt":{"rendered":"<p>Se realiz\u00f3 una nueva jornada exitosa de la capacitaci\u00f3n \u201cVos si pod\u00e9s\u201d organizado por el Ministerio de Desarrollo Social, a trav\u00e9s de la subsecretar\u00eda de Desarrollo Humano e Igualdad La&hellip; <\/p>\n","protected":false},"author":8,"featured_media":102115,"comment_status":"closed","ping_status":"open","sticky":false,"template":"","format":"standard","meta":{"footnotes":""},"categories":[17],"tags":[],"class_list":["post-102114","post","type-post","status-publish","format-standard","has-post-thumbnail","hentry","category-sociales"],"_links":{"self":[{"href":"https:\/\/corrientesdetarde.com\/index.php\/wp-json\/wp\/v2\/posts\/102114","targetHints":{"allow":["GET"]}}],"collection":[{"href":"https:\/\/corrientesdetarde.com\/index.php\/wp-json\/wp\/v2\/posts"}],"about":[{"href":"https:\/\/corrientesdetarde.com\/index.php\/wp-json\/wp\/v2\/types\/post"}],"author":[{"embeddable":true,"href":"https:\/\/corrientesdetarde.com\/index.php\/wp-json\/wp\/v2\/users\/8"}],"replies":[{"embeddable":true,"href":"https:\/\/corrientesdetarde.com\/index.php\/wp-json\/wp\/v2\/comments?post=102114"}],"version-history":[{"count":1,"href":"https:\/\/corrientesdetarde.com\/index.php\/wp-json\/wp\/v2\/posts\/102114\/revisions"}],"predecessor-version":[{"id":102117,"href":"https:\/\/corrientesdetarde.com\/index.php\/wp-json\/wp\/v2\/posts\/102114\/revisions\/102117"}],"wp:featuredmedia":[{"embeddable":true,"href":"https:\/\/corrientesdetarde.com\/index.php\/wp-json\/wp\/v2\/media\/102115"}],"wp:attachment":[{"href":"https:\/\/corrientesdetarde.com\/index.php\/wp-json\/wp\/v2\/media?parent=102114"}],"wp:term":[{"taxonomy":"category","embeddable":true,"href":"https:\/\/corrientesdetarde.com\/index.php\/wp-json\/wp\/v2\/categories?post=102114"},{"taxonomy":"post_tag","embeddable":true,"href":"https:\/\/corrientesdetarde.com\/index.php\/wp-json\/wp\/v2\/tags?post=102114"}],"curies":[{"name":"wp","href":"https:\/\/api.w.org\/{rel}","templated":true}]}}