{"id":102127,"date":"2023-11-13T17:09:08","date_gmt":"2023-11-13T20:09:08","guid":{"rendered":"https:\/\/corrientesdetarde.com\/?p=102127"},"modified":"2023-11-13T17:09:14","modified_gmt":"2023-11-13T20:09:14","slug":"compre-sin-iva-trabajadores-informales-podran-recibir-el-reintegro-desde-hoy","status":"publish","type":"post","link":"https:\/\/corrientesdetarde.com\/index.php\/economia\/compre-sin-iva-trabajadores-informales-podran-recibir-el-reintegro-desde-hoy\/","title":{"rendered":"Compre sin IVA: trabajadores informales podr\u00e1n recibir el reintegro desde hoy"},"content":{"rendered":"\n<p>El reintegro del Impuesto al Valor Agregado (IVA) se realiza por la compra de productos que forman parte de la canasta de alimentos, medicamentos, higiene personal y limpieza del hogar.<\/p>\n\n\n\n<p>M\u00e1s de&nbsp;<strong>2,5 millones de trabajadores informales<\/strong>&nbsp;que cobran el refuerzo para ese sector ingresaron este lunes en el&nbsp;<strong>Programa Compre Sin Iva<\/strong>&nbsp;a trav\u00e9s de los consumos que realicen con sus tarjetas de d\u00e9bito, inform\u00f3 la Administraci\u00f3n Nacional de la Seguridad Social (Anses).<\/p>\n\n\n\n<p>El reintegro del\u00a0<strong>Impuesto al Valor Agregado<\/strong>\u00a0(IVA) se realiza por la compra\u00a0&#8220;de productos que forman parte de la canasta de alimentos, medicamentos, higiene personal y limpieza del hogar, con un tope mensual de hasta $ 18.800&#8221;.<\/p>\n\n\n\n<p>&#8220;En t\u00e9rminos del consumo, el reintegro representa el 11% de lo que los usuarios gastaron en la canasta y la medida regir\u00e1 hasta el 30 de diciembre y, de ser convertido en ley, se implementar\u00e1 de manera definitiva&#8221;, se\u00f1al\u00f3 la Anses a trav\u00e9s de un comunicado.<\/p>\n\n\n\n<p>Del total de trabajadores que cobran el refuerzo,&nbsp;<strong>841.162 corresponden a la provincia de Buenos Aires, 219.119 a Santa Fe, 172.091 a C\u00f3rdoba y 137.754 a Tucum\u00e1n.<\/strong><\/p>\n\n\n\n<p>En cuanto al reparto etario, un 26% de las solicitudes se distribuyen entre personas de&nbsp;<strong>18 y 24 a\u00f1os; 17% entre 25 y 29 a\u00f1os; y 12% entre 30 y 34 a\u00f1os.&nbsp;<\/strong>En cuanto a la distinci\u00f3n de g\u00e9nero,&nbsp;<strong>el refuerzo fue solicitado en un 70% por varones y en un 30% por mujeres.<\/strong><\/p>\n\n\n\n<figure class=\"wp-block-image\"><img decoding=\"async\" src=\"https:\/\/media.minutouno.com\/p\/1052740c8f7e36b3664eb60ea61c1b73\/adjuntos\/150\/imagenes\/040\/993\/0040993817\/compre-iva.jpg?2023-09-20-19-49-58\" alt=\"\" title=\"\"\/><\/figure>\n\n\n\n<h2 class=\"wp-block-heading\">Qui\u00e9nes no reciben el reintegro del IVA<\/h2>\n\n\n\n<ul class=\"wp-block-list\"><li>Trabajadores en relaci\u00f3n de dependencia que cobren m\u00e1s de $708.000.<\/li><li>Personas sin una tarjeta de d\u00e9bito.<\/li><li>Personas obligadas a tributar el impuesto sobre los&nbsp;<strong>bienes personales.<\/strong><\/li><\/ul>\n\n\n\n<h2 class=\"wp-block-heading\">C\u00f3mo hago el reclamo por la devoluci\u00f3n del IVA<\/h2>\n\n\n\n<p>Las personas que no recibieron la devoluci\u00f3n del IVA 48 horas despu\u00e9s de la compra pueden iniciar el tr\u00e1mite del reclamo ante la AFIP de manera&nbsp;<strong>virtual<\/strong>&nbsp;en la web oficial. El ente recaudador le pedir\u00e1&nbsp;<strong>datos personales<\/strong>, y los contribuyentes tendr\u00e1n espacio para explayarse sobre los&nbsp;<strong>detalles del reclamo<\/strong>. Adem\u00e1s del formulario del&nbsp;<strong>Programa de Asistencia al Usuario<\/strong>, la AFIP dispone de una l\u00ednea telef\u00f3nica (0800 999 2347), a la que se puede llamar de&nbsp;<strong>9 a 16 de lunes a viernes.<\/strong><\/p>\n","protected":false},"excerpt":{"rendered":"<p>El reintegro del Impuesto al Valor Agregado (IVA) se realiza por la compra de productos que forman parte de la canasta de alimentos, medicamentos, higiene personal y limpieza del hogar.&hellip; <\/p>\n","protected":false},"author":8,"featured_media":102128,"comment_status":"closed","ping_status":"open","sticky":false,"template":"","format":"standard","meta":{"footnotes":""},"categories":[20],"tags":[],"class_list":["post-102127","post","type-post","status-publish","format-standard","has-post-thumbnail","hentry","category-economia"],"_links":{"self":[{"href":"https:\/\/corrientesdetarde.com\/index.php\/wp-json\/wp\/v2\/posts\/102127","targetHints":{"allow":["GET"]}}],"collection":[{"href":"https:\/\/corrientesdetarde.com\/index.php\/wp-json\/wp\/v2\/posts"}],"about":[{"href":"https:\/\/corrientesdetarde.com\/index.php\/wp-json\/wp\/v2\/types\/post"}],"author":[{"embeddable":true,"href":"https:\/\/corrientesdetarde.com\/index.php\/wp-json\/wp\/v2\/users\/8"}],"replies":[{"embeddable":true,"href":"https:\/\/corrientesdetarde.com\/index.php\/wp-json\/wp\/v2\/comments?post=102127"}],"version-history":[{"count":1,"href":"https:\/\/corrientesdetarde.com\/index.php\/wp-json\/wp\/v2\/posts\/102127\/revisions"}],"predecessor-version":[{"id":102129,"href":"https:\/\/corrientesdetarde.com\/index.php\/wp-json\/wp\/v2\/posts\/102127\/revisions\/102129"}],"wp:featuredmedia":[{"embeddable":true,"href":"https:\/\/corrientesdetarde.com\/index.php\/wp-json\/wp\/v2\/media\/102128"}],"wp:attachment":[{"href":"https:\/\/corrientesdetarde.com\/index.php\/wp-json\/wp\/v2\/media?parent=102127"}],"wp:term":[{"taxonomy":"category","embeddable":true,"href":"https:\/\/corrientesdetarde.com\/index.php\/wp-json\/wp\/v2\/categories?post=102127"},{"taxonomy":"post_tag","embeddable":true,"href":"https:\/\/corrientesdetarde.com\/index.php\/wp-json\/wp\/v2\/tags?post=102127"}],"curies":[{"name":"wp","href":"https:\/\/api.w.org\/{rel}","templated":true}]}}