{"id":102130,"date":"2023-11-13T17:10:50","date_gmt":"2023-11-13T20:10:50","guid":{"rendered":"https:\/\/corrientesdetarde.com\/?p=102130"},"modified":"2023-11-13T17:10:54","modified_gmt":"2023-11-13T20:10:54","slug":"la-dura-reaccion-de-la-oposicion-ante-el-dato-de-inflacion-de-octubre-se-termino-el-relato-massa","status":"publish","type":"post","link":"https:\/\/corrientesdetarde.com\/index.php\/politica\/la-dura-reaccion-de-la-oposicion-ante-el-dato-de-inflacion-de-octubre-se-termino-el-relato-massa\/","title":{"rendered":"La dura reacci\u00f3n de la oposici\u00f3n ante el dato de inflaci\u00f3n de octubre: \u201cSe termin\u00f3 el relato, Massa\u201d"},"content":{"rendered":"\n<p>El dato de inflaci\u00f3n de octubre (8,3%) gener\u00f3 fuerte repercusi\u00f3n en los referentes opositores, que cuestionaron especialmente al ministro de Econom\u00eda y candidato del oficialismo.<\/p>\n\n\n\n<p>El dato de&nbsp;<strong>inflaci\u00f3n de octubre (8,3%)<\/strong>&nbsp;gener\u00f3 -una vez m\u00e1s- fuerte repercusi\u00f3n en la oposici\u00f3n. Si bien la cifra baj\u00f3 respecto del mes pasado (12,7%), sigue en niveles muy altos y los dirigentes de Juntos por el Cambio dieron su opini\u00f3n al respecto.<\/p>\n\n\n\n<p>\u201c<strong>Se termin\u00f3 el relato, Massa<\/strong>. La inflaci\u00f3n de octubre (8,3%) y la interanual (142,7 %) reflejan la realidad del fracasado candidato y ministro de Econom\u00eda, Sergio Massa. El mismo exponente de la decadencia argentina, que el domingo extra\u00f1amente en el debate todo lo preguntaba, hoy nada nos responde a los argentinos. Cada vez m\u00e1s claro c\u00f3mo sufrimos las consecuencias de su\u00a0<strong>mala praxis y de la corrupci\u00f3n kirchnerista que se rob\u00f3 la Rep\u00fablica\u201d<\/strong>, asegur\u00f3 la titular del PRO,<strong>\u00a0Patricia Bullrich,\u00a0<\/strong>desde sus redes sociales.<\/p>\n\n\n\n<p>Quien tambi\u00e9n se expres\u00f3 fue el excandidato a vicepresidente de Bullrich, el radical<strong>&nbsp;Luis Petri<\/strong>. \u201c<strong>Massa nos prendi\u00f3 fuego y hoy se vende como el salvador<\/strong>&nbsp;con cara de piedra. Hoy la inflaci\u00f3n es 8,3% y 142,7% interanual\u201d, apunt\u00f3 desde su cuenta de X. Y remat\u00f3: \u201c<strong>\u00bfC\u00f3mo puede ser la soluci\u00f3n quien es el principal culpable?&nbsp;<\/strong>Los argentinos nos merecemos terminar con esta mentira, para siempre\u201d.<\/p>\n\n\n\n<p>En tanto, el presidente de la bancada de Juntos por el Cambio en Diputados,\u00a0<strong>Mario Negri<\/strong>, se\u00f1al\u00f3 en la misma red social: \u201cMassa es el autor de la inflaci\u00f3n del 142,7% anual que dio a conocer hoy el Indec. Sus pol\u00edticas como ministro de Econom\u00eda son un rotundo fracaso. No hay sequ\u00eda, ni programa con el FMI ni excusa v\u00e1lida para justificar una gesti\u00f3n tan mala.\u00a0<strong>Dato mata relato<\/strong>\u201d.<\/p>\n\n\n\n<p>El libertario&nbsp;<strong>Ramiro Marra<\/strong>&nbsp;afirm\u00f3 desde su cuenta de X: \u201cEsta es la \u00fanica verdad, 2023 va a terminar con una inflaci\u00f3n mayor al 140% y&nbsp;<strong>el \u00fanico culpable de eso es Sergio Massa<\/strong>. Mientras los kirchneristas se la pasan inventando mentiras, el pa\u00eds est\u00e1 siendo destruido. Este domingo, podemos terminar con eso.&nbsp;<strong>Kirchnerismo o Libertad<\/strong>\u201d.<\/p>\n\n\n\n<p>\u201c142,7% de inflaci\u00f3n acumulada son miles de familias dejando productos en la caja del supermercado porque el sueldo no alcanza. El responsable se llama Sergio Tomas Massa, y es candidato a presidente del kirchnerismo.&nbsp;<strong>Acordate el domingo<\/strong>\u201d, asegur\u00f3<strong>&nbsp;Ricardo L\u00f3pez Murphy.<\/strong><\/p>\n\n\n\n<p>En el mismo sentido, la diputada nacional del PRO Laura Rodr\u00edguez Machado asever\u00f3: \u201c<strong>Massa es el responsable de estos n\u00fameros<\/strong>&nbsp;que golpean el bolsillo de los argentinos. Inflaci\u00f3n de octubre 8,3%, interanual del 142,7%. El domingo necesitamos votar un cambio.&nbsp;<strong>Basta de kirchnerismo<\/strong>\u201d.<\/p>\n","protected":false},"excerpt":{"rendered":"<p>El dato de inflaci\u00f3n de octubre (8,3%) gener\u00f3 fuerte repercusi\u00f3n en los referentes opositores, que cuestionaron especialmente al ministro de Econom\u00eda y candidato del oficialismo. El dato de&nbsp;inflaci\u00f3n de octubre&hellip; <\/p>\n","protected":false},"author":8,"featured_media":102131,"comment_status":"closed","ping_status":"open","sticky":false,"template":"","format":"standard","meta":{"footnotes":""},"categories":[3],"tags":[],"class_list":["post-102130","post","type-post","status-publish","format-standard","has-post-thumbnail","hentry","category-politica"],"_links":{"self":[{"href":"https:\/\/corrientesdetarde.com\/index.php\/wp-json\/wp\/v2\/posts\/102130","targetHints":{"allow":["GET"]}}],"collection":[{"href":"https:\/\/corrientesdetarde.com\/index.php\/wp-json\/wp\/v2\/posts"}],"about":[{"href":"https:\/\/corrientesdetarde.com\/index.php\/wp-json\/wp\/v2\/types\/post"}],"author":[{"embeddable":true,"href":"https:\/\/corrientesdetarde.com\/index.php\/wp-json\/wp\/v2\/users\/8"}],"replies":[{"embeddable":true,"href":"https:\/\/corrientesdetarde.com\/index.php\/wp-json\/wp\/v2\/comments?post=102130"}],"version-history":[{"count":1,"href":"https:\/\/corrientesdetarde.com\/index.php\/wp-json\/wp\/v2\/posts\/102130\/revisions"}],"predecessor-version":[{"id":102132,"href":"https:\/\/corrientesdetarde.com\/index.php\/wp-json\/wp\/v2\/posts\/102130\/revisions\/102132"}],"wp:featuredmedia":[{"embeddable":true,"href":"https:\/\/corrientesdetarde.com\/index.php\/wp-json\/wp\/v2\/media\/102131"}],"wp:attachment":[{"href":"https:\/\/corrientesdetarde.com\/index.php\/wp-json\/wp\/v2\/media?parent=102130"}],"wp:term":[{"taxonomy":"category","embeddable":true,"href":"https:\/\/corrientesdetarde.com\/index.php\/wp-json\/wp\/v2\/categories?post=102130"},{"taxonomy":"post_tag","embeddable":true,"href":"https:\/\/corrientesdetarde.com\/index.php\/wp-json\/wp\/v2\/tags?post=102130"}],"curies":[{"name":"wp","href":"https:\/\/api.w.org\/{rel}","templated":true}]}}