{"id":102146,"date":"2023-11-13T20:45:04","date_gmt":"2023-11-13T23:45:04","guid":{"rendered":"https:\/\/corrientesdetarde.com\/?p=102146"},"modified":"2023-11-13T20:45:07","modified_gmt":"2023-11-13T23:45:07","slug":"el-desesperado-pedido-del-papa-francisco-por-la-guerra-en-gaza","status":"publish","type":"post","link":"https:\/\/corrientesdetarde.com\/index.php\/internacionales\/el-desesperado-pedido-del-papa-francisco-por-la-guerra-en-gaza\/","title":{"rendered":"El desesperado pedido del Papa Francisco por la guerra en Gaza"},"content":{"rendered":"\n<p>\u201c\u00a1Basta, hermanos, basta!\u201d, exclam\u00f3 el m\u00e1ximo Pont\u00edfice. Pidi\u00f3 tambi\u00e9n que se protejan a los civiles, que socorran a los heridos y la liberaci\u00f3n de los rehenes.<\/p>\n\n\n\n<p>El&nbsp;<strong>papa Francisco<\/strong>&nbsp;lanz\u00f3 otro en\u00e9rgico llamado para que se detenga la guerra en Gaza.&nbsp;&#8220;<strong>Que las armas se detengan, nunca llevar\u00e1n a las paz y que el conflicto no se ampl\u00ede. \u00a1Basta! \u00a1Basta, hermanos, basta!\u201d<\/strong>, clam\u00f3 en la tradicional oraci\u00f3n dominical del \u00c1ngelus, al mediod\u00eda, ante m\u00e1s de 20.000 fieles reunidos en la Plaza de San Pedro.<\/p>\n\n\n\n<p>Al mismo tiempo pidi\u00f3 que socorran a los heridos, que se protejan a los civiles y la liberaci\u00f3n de los m\u00e1s de 200 rehenes.&nbsp;<strong>\u201cEstoy cerca a todos los que sufren, palestinos e israel\u00edes. Los abrazo en este momento oscuro. Y rezo mucho por ellos\u201d,<\/strong>&nbsp;afirm\u00f3 al principio.<\/p>\n\n\n\n<p>De acuerdo a las \u00faltimas cifras del ministerio de Salud de Gaza -que este domingo aseguraba que ya no pod\u00eda contabilizar las v\u00edctimas porque los operadores sanitarios no pueden salir a recolectar a los muertos que hay tirados alrededor del hospital Al Shifa porque no cesan los bombardeos-, la ofensiva israel\u00ed hasta ahora caus\u00f3 la muerte de 11.100 personas, entre ellas 4.506 ni\u00f1os; otros 1.500 chicos siguen desaparecidos debajo de los escombros.<\/p>\n\n\n\n<p>Francisco exigi\u00f3 adem\u00e1s que \u201cse socorran enseguida los heridos\u201d, aludiendo a los al menos 28.000 palestinos que han sido heridos en los bombardeos a campos de refugiados, escuelas, hospitales, mezquitas y edificios residenciales, seg\u00fan el ministerio de Salud de Gaza.<\/p>\n\n\n\n<p>En otro tramo de su descargo, volvi\u00f3 a pedir por la liberaci\u00f3n de los rehenes \u201centre los cuales hay muchos ancianos y ni\u00f1os\u201d, resalt\u00f3. Hay m\u00e1s de 200 rehenes de diversas nacionalidades, entre ellos 21 argentinos. \u201c<strong>Cada ser humano, que sea cristiano, jud\u00edo, musulm\u00e1n, de cualquier pueblo y religi\u00f3n es sagrado, es precioso a los ojos de Dios y tiene derecho a vivir en paz.&nbsp;No perdamos la esperanza: recemos y trabajemos sin cansarnos para que el sentido de humanidad prevalezca sobre la dureza de los corazones\u201d, exhort\u00f3.<\/strong><\/p>\n","protected":false},"excerpt":{"rendered":"<p>\u201c\u00a1Basta, hermanos, basta!\u201d, exclam\u00f3 el m\u00e1ximo Pont\u00edfice. Pidi\u00f3 tambi\u00e9n que se protejan a los civiles, que socorran a los heridos y la liberaci\u00f3n de los rehenes. El&nbsp;papa Francisco&nbsp;lanz\u00f3 otro en\u00e9rgico&hellip; <\/p>\n","protected":false},"author":4,"featured_media":102150,"comment_status":"closed","ping_status":"open","sticky":false,"template":"","format":"standard","meta":{"footnotes":""},"categories":[11],"tags":[],"class_list":["post-102146","post","type-post","status-publish","format-standard","has-post-thumbnail","hentry","category-internacionales"],"_links":{"self":[{"href":"https:\/\/corrientesdetarde.com\/index.php\/wp-json\/wp\/v2\/posts\/102146","targetHints":{"allow":["GET"]}}],"collection":[{"href":"https:\/\/corrientesdetarde.com\/index.php\/wp-json\/wp\/v2\/posts"}],"about":[{"href":"https:\/\/corrientesdetarde.com\/index.php\/wp-json\/wp\/v2\/types\/post"}],"author":[{"embeddable":true,"href":"https:\/\/corrientesdetarde.com\/index.php\/wp-json\/wp\/v2\/users\/4"}],"replies":[{"embeddable":true,"href":"https:\/\/corrientesdetarde.com\/index.php\/wp-json\/wp\/v2\/comments?post=102146"}],"version-history":[{"count":1,"href":"https:\/\/corrientesdetarde.com\/index.php\/wp-json\/wp\/v2\/posts\/102146\/revisions"}],"predecessor-version":[{"id":102151,"href":"https:\/\/corrientesdetarde.com\/index.php\/wp-json\/wp\/v2\/posts\/102146\/revisions\/102151"}],"wp:featuredmedia":[{"embeddable":true,"href":"https:\/\/corrientesdetarde.com\/index.php\/wp-json\/wp\/v2\/media\/102150"}],"wp:attachment":[{"href":"https:\/\/corrientesdetarde.com\/index.php\/wp-json\/wp\/v2\/media?parent=102146"}],"wp:term":[{"taxonomy":"category","embeddable":true,"href":"https:\/\/corrientesdetarde.com\/index.php\/wp-json\/wp\/v2\/categories?post=102146"},{"taxonomy":"post_tag","embeddable":true,"href":"https:\/\/corrientesdetarde.com\/index.php\/wp-json\/wp\/v2\/tags?post=102146"}],"curies":[{"name":"wp","href":"https:\/\/api.w.org\/{rel}","templated":true}]}}