{"id":102312,"date":"2023-11-14T14:43:57","date_gmt":"2023-11-14T17:43:57","guid":{"rendered":"https:\/\/corrientesdetarde.com\/?p=102312"},"modified":"2023-11-14T14:43:58","modified_gmt":"2023-11-14T17:43:58","slug":"boca-suma-a-la-turbulencia-deportiva-la-inquietud-politica-por-el-cierre-de-listas","status":"publish","type":"post","link":"https:\/\/corrientesdetarde.com\/index.php\/deportes\/boca-suma-a-la-turbulencia-deportiva-la-inquietud-politica-por-el-cierre-de-listas\/","title":{"rendered":"Boca suma a la turbulencia deportiva, la inquietud pol\u00edtica por el cierre de listas"},"content":{"rendered":"\n<p><strong>Por Coco Ram\u00f3n<\/strong><\/p>\n\n\n\n<p>Esta noche se cierra la posibilidad de modificar las listas en el Xeneize, con mucho ruido por el lado del oficialismo. Todo indica que Juan Rom\u00e1n Riquelme va como candidato a Presidente. Pero por el lado de la oposici\u00f3n, la lista que lleva a Mauricio Macri y Andr\u00e9s Ibarra no tiene definido el orden de los miembros de la f\u00f3rmula. <\/p>\n\n\n\n<figure class=\"wp-block-embed is-type-video is-provider-youtube wp-block-embed-youtube wp-embed-aspect-16-9 wp-has-aspect-ratio\"><div class=\"wp-block-embed__wrapper\">\n<iframe loading=\"lazy\" title=\"Boca suma a la turbulencia deportiva, la inquietud pol\u00edtica por el cierre de listas\" width=\"1110\" height=\"624\" src=\"https:\/\/www.youtube.com\/embed\/wEWSgxzXSuY?feature=oembed\" frameborder=\"0\" allow=\"accelerometer; autoplay; clipboard-write; encrypted-media; gyroscope; picture-in-picture; web-share\" allowfullscreen><\/iframe>\n<\/div><\/figure>\n\n\n\n<p>Tambi\u00e9n hay ruido por la posibilidad del pedido de suspensi\u00f3n del comicio de uno de los espacios y por el tendal de nombres que quedar\u00edan en el camino en el oficialismo. Los detalles, en este videreporte de Coco Ram\u00f3n.<\/p>\n","protected":false},"excerpt":{"rendered":"<p>Por Coco Ram\u00f3n Esta noche se cierra la posibilidad de modificar las listas en el Xeneize, con mucho ruido por el lado del oficialismo. Todo indica que Juan Rom\u00e1n Riquelme&hellip; <\/p>\n","protected":false},"author":11,"featured_media":102314,"comment_status":"closed","ping_status":"open","sticky":false,"template":"","format":"standard","meta":{"footnotes":""},"categories":[4],"tags":[],"class_list":["post-102312","post","type-post","status-publish","format-standard","has-post-thumbnail","hentry","category-deportes"],"_links":{"self":[{"href":"https:\/\/corrientesdetarde.com\/index.php\/wp-json\/wp\/v2\/posts\/102312","targetHints":{"allow":["GET"]}}],"collection":[{"href":"https:\/\/corrientesdetarde.com\/index.php\/wp-json\/wp\/v2\/posts"}],"about":[{"href":"https:\/\/corrientesdetarde.com\/index.php\/wp-json\/wp\/v2\/types\/post"}],"author":[{"embeddable":true,"href":"https:\/\/corrientesdetarde.com\/index.php\/wp-json\/wp\/v2\/users\/11"}],"replies":[{"embeddable":true,"href":"https:\/\/corrientesdetarde.com\/index.php\/wp-json\/wp\/v2\/comments?post=102312"}],"version-history":[{"count":1,"href":"https:\/\/corrientesdetarde.com\/index.php\/wp-json\/wp\/v2\/posts\/102312\/revisions"}],"predecessor-version":[{"id":102317,"href":"https:\/\/corrientesdetarde.com\/index.php\/wp-json\/wp\/v2\/posts\/102312\/revisions\/102317"}],"wp:featuredmedia":[{"embeddable":true,"href":"https:\/\/corrientesdetarde.com\/index.php\/wp-json\/wp\/v2\/media\/102314"}],"wp:attachment":[{"href":"https:\/\/corrientesdetarde.com\/index.php\/wp-json\/wp\/v2\/media?parent=102312"}],"wp:term":[{"taxonomy":"category","embeddable":true,"href":"https:\/\/corrientesdetarde.com\/index.php\/wp-json\/wp\/v2\/categories?post=102312"},{"taxonomy":"post_tag","embeddable":true,"href":"https:\/\/corrientesdetarde.com\/index.php\/wp-json\/wp\/v2\/tags?post=102312"}],"curies":[{"name":"wp","href":"https:\/\/api.w.org\/{rel}","templated":true}]}}