{"id":102321,"date":"2023-11-14T16:06:44","date_gmt":"2023-11-14T19:06:44","guid":{"rendered":"https:\/\/corrientesdetarde.com\/?p=102321"},"modified":"2023-11-14T16:06:55","modified_gmt":"2023-11-14T19:06:55","slug":"corrientes-presente-en-una-nueva-reunion-del-consejo-federal-de-salud","status":"publish","type":"post","link":"https:\/\/corrientesdetarde.com\/index.php\/bienestar-y-salud\/corrientes-presente-en-una-nueva-reunion-del-consejo-federal-de-salud\/","title":{"rendered":"Corrientes presente en una nueva reuni\u00f3n del Consejo Federal de Salud"},"content":{"rendered":"\n<p><em>En ese \u00e1mbito, se trataron temas como recomendaciones de la CONAIN sobre Dengue, sincicial respiratorio y Covid-19 y avances en la eliminaci\u00f3n de la transmisi\u00f3n vectorial de Chagas, entre otros.<\/em><\/p>\n\n\n\n<p>Por indicaci\u00f3n del ministro de Salud P\u00fablica, Ricardo Cardozo, la directora general de Epidemiolog\u00eda, Angelina Bobadilla, particip\u00f3 del Consejo Federal de Salud (COFESA), que se reuni\u00f3 en Buenos Aires. Vale recordar que este \u00e1mbito, re\u00fane a los representantes de todas las carteras sanitarias del pa\u00eds.<\/p>\n\n\n\n<p>Entre los temas, se trataron: recomendaciones de la CONAIN sobre Dengue, sincicial respiratorio y Covid19, avances en la eliminaci\u00f3n de la transmisi\u00f3n vectorial de Chagas, presentaci\u00f3n por parte de la Direcci\u00f3n Nacional del Observatorio vial del \u201cEstudio sobre consumo de alcohol y otras sustancias Salud en el centro de la agenda\u201d, coberturas de vacunaci\u00f3n 2022; avances en el cumplimiento de la ley 27.675; presentaci\u00f3n Plan de preparaci\u00f3n para eventos de salud p\u00fablica con potencial pand\u00e9mico y epid\u00e9mico, entre otros.<\/p>\n\n\n\n<p>\u201cSe hizo un balance de gesti\u00f3n, se presentaron todos los logros a nivel nacional y del trabajo con las jurisdicciones, se hizo un resumen del 2019 al 2023. Se hizo un abordaje muy amplio de lo que fue la pandemia por Covid-19 y se homenaje\u00f3 a cada una de las provincias\u201d, dijoAngelina Bobadilla.<\/p>\n\n\n\n<p>Indic\u00f3 que en la ocasi\u00f3n, \u201cse present\u00f3 una comisi\u00f3n que se cre\u00f3, que es de Respuesta para Emergencias y Pandemias y tambi\u00e9n se present\u00f3 el avance del calendario de vacunaci\u00f3n, las mejoras en la cobertura de vacunas como doble viral y triple viral y la nueva vacuna para personas gestantes contra el virus sincicial respiratorio que se va a incorporar en el calendario para prevenir las bronquiolitis a partir del a\u00f1o que viene\u201d.<\/p>\n\n\n\n<p>\u201cCon respecto a la vacuna contra el Dengue, nos informaron que a\u00fan se est\u00e1 en espera, no se incorpora porque a\u00fan se siguen con las evaluaciones\u201d, concluy\u00f3.&nbsp;<\/p>\n\n\n\n<figure class=\"wp-block-image size-large\"><img loading=\"lazy\" decoding=\"async\" width=\"1024\" height=\"683\" src=\"https:\/\/corrientesdetarde.com\/wp-content\/uploads\/2023\/11\/image-303-1024x683.png\" alt=\"\" class=\"wp-image-102323\" srcset=\"https:\/\/corrientesdetarde.com\/wp-content\/uploads\/2023\/11\/image-303-1024x683.png 1024w, https:\/\/corrientesdetarde.com\/wp-content\/uploads\/2023\/11\/image-303-300x200.png 300w, https:\/\/corrientesdetarde.com\/wp-content\/uploads\/2023\/11\/image-303-768x512.png 768w, https:\/\/corrientesdetarde.com\/wp-content\/uploads\/2023\/11\/image-303-1536x1024.png 1536w, https:\/\/corrientesdetarde.com\/wp-content\/uploads\/2023\/11\/image-303-2048x1365.png 2048w\" sizes=\"auto, (max-width: 1024px) 100vw, 1024px\" \/><\/figure>\n","protected":false},"excerpt":{"rendered":"<p>En ese \u00e1mbito, se trataron temas como recomendaciones de la CONAIN sobre Dengue, sincicial respiratorio y Covid-19 y avances en la eliminaci\u00f3n de la transmisi\u00f3n vectorial de Chagas, entre otros.&hellip; <\/p>\n","protected":false},"author":8,"featured_media":102322,"comment_status":"closed","ping_status":"open","sticky":false,"template":"","format":"standard","meta":{"footnotes":""},"categories":[16],"tags":[],"class_list":["post-102321","post","type-post","status-publish","format-standard","has-post-thumbnail","hentry","category-bienestar-y-salud"],"_links":{"self":[{"href":"https:\/\/corrientesdetarde.com\/index.php\/wp-json\/wp\/v2\/posts\/102321","targetHints":{"allow":["GET"]}}],"collection":[{"href":"https:\/\/corrientesdetarde.com\/index.php\/wp-json\/wp\/v2\/posts"}],"about":[{"href":"https:\/\/corrientesdetarde.com\/index.php\/wp-json\/wp\/v2\/types\/post"}],"author":[{"embeddable":true,"href":"https:\/\/corrientesdetarde.com\/index.php\/wp-json\/wp\/v2\/users\/8"}],"replies":[{"embeddable":true,"href":"https:\/\/corrientesdetarde.com\/index.php\/wp-json\/wp\/v2\/comments?post=102321"}],"version-history":[{"count":1,"href":"https:\/\/corrientesdetarde.com\/index.php\/wp-json\/wp\/v2\/posts\/102321\/revisions"}],"predecessor-version":[{"id":102324,"href":"https:\/\/corrientesdetarde.com\/index.php\/wp-json\/wp\/v2\/posts\/102321\/revisions\/102324"}],"wp:featuredmedia":[{"embeddable":true,"href":"https:\/\/corrientesdetarde.com\/index.php\/wp-json\/wp\/v2\/media\/102322"}],"wp:attachment":[{"href":"https:\/\/corrientesdetarde.com\/index.php\/wp-json\/wp\/v2\/media?parent=102321"}],"wp:term":[{"taxonomy":"category","embeddable":true,"href":"https:\/\/corrientesdetarde.com\/index.php\/wp-json\/wp\/v2\/categories?post=102321"},{"taxonomy":"post_tag","embeddable":true,"href":"https:\/\/corrientesdetarde.com\/index.php\/wp-json\/wp\/v2\/tags?post=102321"}],"curies":[{"name":"wp","href":"https:\/\/api.w.org\/{rel}","templated":true}]}}