{"id":102328,"date":"2023-11-14T16:18:59","date_gmt":"2023-11-14T19:18:59","guid":{"rendered":"https:\/\/corrientesdetarde.com\/?p=102328"},"modified":"2023-11-14T16:19:03","modified_gmt":"2023-11-14T19:19:03","slug":"mataron-al-primer-juez-no-binario-de-mexico-la-hipotesis-de-las-autoridades-y-las-dudas-de-la-comunidad-lgbt","status":"publish","type":"post","link":"https:\/\/corrientesdetarde.com\/index.php\/internacionales\/mataron-al-primer-juez-no-binario-de-mexico-la-hipotesis-de-las-autoridades-y-las-dudas-de-la-comunidad-lgbt\/","title":{"rendered":"Mataron al primer juez no binario de M\u00e9xico: la hip\u00f3tesis de las autoridades y las dudas de la comunidad LGBT"},"content":{"rendered":"\n<p>Los cuerpos de Jes\u00fas Ociel Baena y su pareja fueron encontrados su casa. Presentaban heridas de arma blanca. Referentes de la comunidad LGBT reclaman que se investigue como \u201ccrimen de odio\u201d.<\/p>\n\n\n\n<p>Encontraron muerto a&nbsp;<strong>Jes\u00fas Ociel Baena<\/strong>, conocido como \u201c<strong>magistrade<\/strong>\u201d, por ser la primera persona de&nbsp;<strong>g\u00e9nero no binario<\/strong>&nbsp;en ocupar un cargo como jurista electoral y en obtener un pasaporte con esta identidad en M\u00e9xico. Su cad\u00e1ver estaba cerca del de su pareja y ambos presentaban heridas de arma blanca.<\/p>\n\n\n\n<p>La fiscal\u00eda del estado de Aguascalientes (centro) anunci\u00f3 en un comunicado que fueron localizados los cuerpos de \u201cJes\u00fas Ociel N, \u2018magistrade\u2019 y activista de la comunidad LGBTIQ+ y una persona de nombre Dorian Daniel N, en el interior de una vivienda\u201d.<\/p>\n\n\n\n<p>La dependencia detall\u00f3 que \u201c<strong>podr\u00eda tratarse de un tema de \u00edndole personal<\/strong>\u201d, al descartar la presencia de una tercera persona en la casa ubicada en la ciudad de Aguascalientes, capital del estado. M\u00e1s tarde, la Fiscal\u00eda se\u00f1al\u00f3 que la otra persona muerta era la pareja de Baena y que ambos ten\u00edan heridas de arma blanca. \u201cExisten indicios de que ellos mismos se lesionaron entre s\u00ed\u201d, se\u00f1al\u00f3 la Fiscal\u00eda, seg\u00fan el diario&nbsp;<em>El Universal<\/em>.<\/p>\n\n\n\n<figure class=\"wp-block-image\"><img decoding=\"async\" src=\"https:\/\/tn.com.ar\/resizer\/1kfmI1_sO8dSO3RoiG94cXwDxfA=\/767x0\/smart\/filters:format(webp)\/thumbs.vodgc.net\/1-398-odpRAz1699973344927-1699973510.jpg\" alt=\"Video Placeholder\"\/><\/figure>\n\n\n\n<p>Retrato del Magistrade Jes\u00fas Ociel Baena durante una vigilia convocada por activistas de la comunidad LGBT para exigir justicia por su asesinato. (Foto: EFE\/ Isaac Esquivel).<\/p>\n\n\n\n<p>\u201cEn este momento se llevan a cabo los trabajos de medicina forense para el establecimiento de la mec\u00e1nica y la causa de muerte de ambas personas\u201d, agregaron.<\/p>\n\n\n\n<p>El fiscal Jes\u00fas Figueroa Ortega se\u00f1al\u00f3 que har\u00e1 \u201cuna investigaci\u00f3n con perspectiva de g\u00e9nero, porque las personas fallecidas pertenec\u00edan a la comunidad LGTB\u201d y, entonces, se aplicar\u00e1n todos los protocolos especializados.<\/p>\n\n\n\n<p>Las organizaciones LGBTI exigieron\u00a0<strong>contemplar la posibilidad de un crimen de odio.\u00a0<\/strong>Miles de personas se reunieron en el coraz\u00f3n de la Ciudad de M\u00e9xico y encendieron velas sobre im\u00e1genes de Baena y de otras v\u00edctimas de la violencia contra las personas LGBTQ+. Los asistentes gritaban \u201ccrimen pasional, mentira nacional\u201d mientras cargaban velas, pancartas y banderas arcoiris y reclamaban\u201cJusticia\u201d y una investigaci\u00f3n exhaustiva de las muertes.<\/p>\n\n\n\n<p>\u201cLamentamos profundamente la muerte del magistrade Ociel Baena. Su legado en la lucha por la igualdad y contra la discriminaci\u00f3n, a trav\u00e9s del litigio estrat\u00e9gico y acciones incansables en favor de la diversidad sexual y de g\u00e9nero, es invaluable. Exigimos el esclarecimiento total de los hechos\u201d, indic\u00f3 el Movimiento por la Igualdad en M\u00e9xico (MOVii) en un pronunciamiento.<\/p>\n\n\n\n<figure class=\"wp-block-image\"><img decoding=\"async\" src=\"https:\/\/tn.com.ar\/resizer\/rgbTDSPAGxm-GC0r9PH5hL_qa8k=\/767x0\/smart\/filters:format(webp)\/cloudfront-us-east-1.images.arcpublishing.com\/artear\/XBFRDZOBNEL7U7A2Y4KH7ACZXA.jpg\" alt=\"Miles de personas pidieron justicia por Baena. (Foto: REUTERS\/Quetzalli Nicte-Ha).\"\/><\/figure>\n\n\n\n<h2 class=\"wp-block-heading\">Qui\u00e9n era Baena, \u201cle magistrade\u201d de g\u00e9nero no binario<\/h2>\n\n\n\n<p>Baena, de 38 a\u00f1os, se declaraba una&nbsp;<strong>persona no binaria<\/strong>, esto es, que&nbsp;<strong>no se identificaba como hombre ni como mujer<\/strong>.<\/p>\n\n\n\n<p>En octubre de 2022, se convirti\u00f3 en&nbsp;<strong>primera persona de g\u00e9nero no binario en ser juez en un tribunal electoral del pa\u00eds<\/strong>, por lo que tambi\u00e9n se considera la primera persona con esta identidad en ocupar un cargo de magistratura&nbsp;<strong>en M\u00e9xico y Am\u00e9rica Latina<\/strong>.<\/p>\n\n\n\n<p>A su vez, fue la primera persona en M\u00e9xico que recibi\u00f3 un pasaporte que registraba la identidad no binaria. A finales de julio, revel\u00f3 que las autoridades le hab\u00edan otorgado medidas de protecci\u00f3n ante \u201cm\u00faltiples ataques\u201d a su persona y \u201camenazas de muerte\u201d en sus redes sociales.<\/p>\n\n\n\n<p>En X, Baena se defin\u00eda como \u201cpersona no binaria, especialista en derechos pol\u00edtico -electorales, impulsores de litigios estrat\u00e9gicos electorales con perspectiva LGBTIQ+\u201d.<\/p>\n\n\n\n<p>Baena publicaba con cierta regularidad fotograf\u00edas en las que aparec\u00eda con pollera, tacos o con un abanico con los colores del arco\u00edris dentro de las oficinas del tribunal, adem\u00e1s de realizar labores de activismo en redes sociales, donde ten\u00eda cientos de miles de seguidores.<\/p>\n\n\n\n<figure class=\"wp-block-image\"><img decoding=\"async\" src=\"https:\/\/tn.com.ar\/resizer\/EUiiDy49XzsvrGkzy01V8gyqkFs=\/767x0\/smart\/filters:format(webp)\/cloudfront-us-east-1.images.arcpublishing.com\/artear\/FQEFP2GSSEAAJMF7D75MGZRBLY.jpg\" alt=\"Un manifestante sostiene una fotograf\u00eda del magistrade del Tribunal Electoral del estado de Aguascalientes Jes\u00fas Ociel Baena en la Ciudad de M\u00e9xico, el 13 de noviembre de 2023, en una vigilia tras su muerte. (AP Foto\/Eduardo Verdugo)\"\/><\/figure>\n\n\n\n<p>\u201dSoy persona no binaria,&nbsp;<strong>no me interesa verme mujer ni tampoco hombre<\/strong>,&nbsp;<strong>esa es una identidad, es m\u00eda y para m\u00ed, para nadie m\u00e1s<\/strong>\u201d, escribi\u00f3 Baena en la plataforma X en junio.<\/p>\n\n\n\n<p>Su carrera estuvo marcada por&nbsp;<strong>buscar la participaci\u00f3n de personas LGBTI en la pol\u00edtica en M\u00e9xico<\/strong>,&nbsp;<strong>el segundo pa\u00eds con m\u00e1s cr\u00edmenes de odio de Latinoam\u00e9rica<\/strong>&nbsp;con 305 hechos violentos de 2019 a 2022, incluyendo asesinatos y desapariciones, seg\u00fan el Observatorio Nacional de Cr\u00edmenes de Odio contra Personas LGBTI+ en M\u00e9xico.<\/p>\n\n\n\n<p>\u201cLamentamos saber que se ha confirmado la muerte del magistrade Ociel Baenay su pareja por parte de Fiscal\u00eda Aguascalientes. Con profundo pesar deseamos a todxs sus amigxs y familiares pronta resignaci\u00f3n, y nos sumamos a las exigencias para que se esclarezcan los hechos\u201d, public\u00f3 en X (antes Twitter) la Red Nacional de Juventudes Diversas.<\/p>\n","protected":false},"excerpt":{"rendered":"<p>Los cuerpos de Jes\u00fas Ociel Baena y su pareja fueron encontrados su casa. Presentaban heridas de arma blanca. Referentes de la comunidad LGBT reclaman que se investigue como \u201ccrimen de&hellip; <\/p>\n","protected":false},"author":8,"featured_media":102329,"comment_status":"closed","ping_status":"open","sticky":false,"template":"","format":"standard","meta":{"footnotes":""},"categories":[11],"tags":[],"class_list":["post-102328","post","type-post","status-publish","format-standard","has-post-thumbnail","hentry","category-internacionales"],"_links":{"self":[{"href":"https:\/\/corrientesdetarde.com\/index.php\/wp-json\/wp\/v2\/posts\/102328","targetHints":{"allow":["GET"]}}],"collection":[{"href":"https:\/\/corrientesdetarde.com\/index.php\/wp-json\/wp\/v2\/posts"}],"about":[{"href":"https:\/\/corrientesdetarde.com\/index.php\/wp-json\/wp\/v2\/types\/post"}],"author":[{"embeddable":true,"href":"https:\/\/corrientesdetarde.com\/index.php\/wp-json\/wp\/v2\/users\/8"}],"replies":[{"embeddable":true,"href":"https:\/\/corrientesdetarde.com\/index.php\/wp-json\/wp\/v2\/comments?post=102328"}],"version-history":[{"count":1,"href":"https:\/\/corrientesdetarde.com\/index.php\/wp-json\/wp\/v2\/posts\/102328\/revisions"}],"predecessor-version":[{"id":102330,"href":"https:\/\/corrientesdetarde.com\/index.php\/wp-json\/wp\/v2\/posts\/102328\/revisions\/102330"}],"wp:featuredmedia":[{"embeddable":true,"href":"https:\/\/corrientesdetarde.com\/index.php\/wp-json\/wp\/v2\/media\/102329"}],"wp:attachment":[{"href":"https:\/\/corrientesdetarde.com\/index.php\/wp-json\/wp\/v2\/media?parent=102328"}],"wp:term":[{"taxonomy":"category","embeddable":true,"href":"https:\/\/corrientesdetarde.com\/index.php\/wp-json\/wp\/v2\/categories?post=102328"},{"taxonomy":"post_tag","embeddable":true,"href":"https:\/\/corrientesdetarde.com\/index.php\/wp-json\/wp\/v2\/tags?post=102328"}],"curies":[{"name":"wp","href":"https:\/\/api.w.org\/{rel}","templated":true}]}}