{"id":102348,"date":"2023-11-14T17:18:45","date_gmt":"2023-11-14T20:18:45","guid":{"rendered":"https:\/\/corrientesdetarde.com\/?p=102348"},"modified":"2023-11-14T17:18:57","modified_gmt":"2023-11-14T20:18:57","slug":"daniella-mastricchio-hablo-del-drama-despues-de-chiquititas","status":"publish","type":"post","link":"https:\/\/corrientesdetarde.com\/index.php\/espectaculos\/daniella-mastricchio-hablo-del-drama-despues-de-chiquititas\/","title":{"rendered":"Daniella Mastricchio habl\u00f3 del drama despu\u00e9s de &#8220;Chiquititas&#8221;"},"content":{"rendered":"\n<p>La actriz que interpret\u00f3 a Sol sorprendi\u00f3 al hablar del mal momento que vivi\u00f3 tras culminar su paso por la ficci\u00f3n infantil. \u00a0 \u00a0<\/p>\n\n\n\n<p>Daniella Mastricchio&nbsp;sorprendi\u00f3 al hablar del drama que vivi\u00f3 pos&nbsp;Chiquititas. La actriz, que interpret\u00f3 a Sol y conoci\u00f3 la fama y el \u00e9xito rotundo siendo parte del elenco de Cris Morena, cont\u00f3 que&nbsp;su mundo se vino abajo al terminar la ficci\u00f3n. \u201cMe qued\u00e9 sin nada, incluso sin familia\u201d, expres\u00f3.<\/p>\n\n\n\n<p>Invitada a&nbsp;La \u00faltima cena&nbsp;(elnueve), el ciclo conducido por Alejandro Fantino, la artista relat\u00f3: \u201cEmpec\u00e9 a los cuatro haciendo publicidad gr\u00e1fica y televisiva\u201d. \u201cSe dice que yo lo ped\u00ed, aunque yo no recuerdo pedir euf\u00f3rica ir a un casting de televisi\u00f3n\u201d, aclar\u00f3.<\/p>\n\n\n\n<p><video width=\"640\" controls=\"\" preload=\"auto\" poster=\"https:\/\/www.radiosudamericana.com\/notix\/multimedia\/img_videos\/2023111485556463.jpg\"><\/video><\/p>\n\n\n\n<p>Con Sol, su personaje en la tira, alcanz\u00f3 una gran popularidad. De hecho, interpret\u00f3 \u201cCoraz\u00f3n con agujeritos\u201d, uno de los temas m\u00e1s pedidos por el p\u00fablico. Pero&nbsp;a los 11, cuando su participaci\u00f3n en la novela culmin\u00f3, todo se desmoron\u00f3.<\/p>\n\n\n\n<p>\u201cA m\u00ed lo que me pas\u00f3 por muchos a\u00f1os es que hasta tuve verg\u00fcenza. Despu\u00e9s de&nbsp;Chiquititas, que fueron cuatro a\u00f1os infernales de \u00e9xito, de teatro, de no tener tiempo, no tener cumplea\u00f1os, de no tener necesidades de ning\u00fan tipo porque hab\u00eda auto, casa, familia, amigos&#8230; cosas que aparecieron con el programa,&nbsp;de repente se termin\u00f3 todo\u201d, sostuvo.<\/p>\n\n\n\n<figure class=\"wp-block-image\"><a href=\"https:\/\/www.radiosudamericana.com\/notix\/multimedia\/imagenes\/fotos\/2023-11-14\/301327.jpg\"><img decoding=\"async\" src=\"https:\/\/www.radiosudamericana.com\/notix\/multimedia\/imagenes\/fotos\/2023-11-14\/301327.jpg_nota.jpg\" alt=\"\"\/><\/a><\/figure>\n\n\n\n<p>Acto seguido, aclar\u00f3: \u201cNo te voy a decir que alguna vez nos falt\u00f3 algo, pero&nbsp;la casa, la pileta, los viajes y los autos se compraron con&nbsp;Chiquititas. De repente, cuando termina, literalmente&nbsp;me qued\u00e9 sin nada, incluso la familia\u201d.<\/p>\n\n\n\n<p>A modo de cierre, remat\u00f3: \u201cYo termin\u00e9&nbsp;Chiquititas&nbsp;a los 11 y a los 14 a\u00f1os estaba trabajando en una cadena de helader\u00edas para poder comer\u201d.<\/p>\n\n\n\n<p><strong>Daniella Mastricchio, del \u00e9xito y la masividad al anonimato<\/strong><\/p>\n\n\n\n<p>Si bien destac\u00f3 que no hab\u00eda nada de malo, admiti\u00f3 que sent\u00eda \u201cverg\u00fcenza\u201d y frustraci\u00f3n por lo ocurrido. \u201cEn un principio yo la pas\u00e9 muy mal, por eso me alej\u00e9 y ten\u00eda bajo perfil.&nbsp;Tuve que trabajar todo esto que me pas\u00f3 porque yo no hice m\u00e1s que ser una ni\u00f1a, trabajar y disfrutar de lo que hac\u00eda\u201d, a\u00f1adi\u00f3.<\/p>\n\n\n\n<figure class=\"wp-block-image\"><a href=\"https:\/\/www.radiosudamericana.com\/notix\/multimedia\/imagenes\/fotos\/2023-11-14\/644250.jpg\"><img decoding=\"async\" src=\"https:\/\/www.radiosudamericana.com\/notix\/multimedia\/imagenes\/fotos\/2023-11-14\/644250.jpg_nota.jpg\" alt=\"\"\/><\/a><\/figure>\n\n\n\n<p>Uno de los aspectos m\u00e1s dif\u00edciles a los que se enfrent\u00f3 Mastricchio fue el desmoronamiento de su familia. \u201cCuando termin\u00f3&nbsp;Chiquititas&nbsp;se termin\u00f3 la familia, yo estuve en soledad.&nbsp;Me qued\u00e9 sola en el momento en que m\u00e1s necesitaba contenci\u00f3n, amor, la familia\u201d, revel\u00f3.<\/p>\n\n\n\n<p>\u201cMi pap\u00e1 falleci\u00f3 el a\u00f1o pasado, pero pude saldar las cosas con \u00e9l. Con mi mam\u00e1 no. Cuando ten\u00e9s tantos a\u00f1os en los que te dicen que vos no vas a poder, te vas a quedar sola, eso es dif\u00edcil&#8230; y eso era con lo que yo me crie\u201d, concluy\u00f3.<\/p>\n\n\n\n<p><\/p>\n","protected":false},"excerpt":{"rendered":"<p>La actriz que interpret\u00f3 a Sol sorprendi\u00f3 al hablar del mal momento que vivi\u00f3 tras culminar su paso por la ficci\u00f3n infantil. \u00a0 \u00a0 Daniella Mastricchio&nbsp;sorprendi\u00f3 al hablar del drama&hellip; <\/p>\n","protected":false},"author":8,"featured_media":102349,"comment_status":"closed","ping_status":"open","sticky":false,"template":"","format":"standard","meta":{"footnotes":""},"categories":[19],"tags":[],"class_list":["post-102348","post","type-post","status-publish","format-standard","has-post-thumbnail","hentry","category-espectaculos"],"_links":{"self":[{"href":"https:\/\/corrientesdetarde.com\/index.php\/wp-json\/wp\/v2\/posts\/102348","targetHints":{"allow":["GET"]}}],"collection":[{"href":"https:\/\/corrientesdetarde.com\/index.php\/wp-json\/wp\/v2\/posts"}],"about":[{"href":"https:\/\/corrientesdetarde.com\/index.php\/wp-json\/wp\/v2\/types\/post"}],"author":[{"embeddable":true,"href":"https:\/\/corrientesdetarde.com\/index.php\/wp-json\/wp\/v2\/users\/8"}],"replies":[{"embeddable":true,"href":"https:\/\/corrientesdetarde.com\/index.php\/wp-json\/wp\/v2\/comments?post=102348"}],"version-history":[{"count":1,"href":"https:\/\/corrientesdetarde.com\/index.php\/wp-json\/wp\/v2\/posts\/102348\/revisions"}],"predecessor-version":[{"id":102351,"href":"https:\/\/corrientesdetarde.com\/index.php\/wp-json\/wp\/v2\/posts\/102348\/revisions\/102351"}],"wp:featuredmedia":[{"embeddable":true,"href":"https:\/\/corrientesdetarde.com\/index.php\/wp-json\/wp\/v2\/media\/102349"}],"wp:attachment":[{"href":"https:\/\/corrientesdetarde.com\/index.php\/wp-json\/wp\/v2\/media?parent=102348"}],"wp:term":[{"taxonomy":"category","embeddable":true,"href":"https:\/\/corrientesdetarde.com\/index.php\/wp-json\/wp\/v2\/categories?post=102348"},{"taxonomy":"post_tag","embeddable":true,"href":"https:\/\/corrientesdetarde.com\/index.php\/wp-json\/wp\/v2\/tags?post=102348"}],"curies":[{"name":"wp","href":"https:\/\/api.w.org\/{rel}","templated":true}]}}