{"id":102359,"date":"2023-11-14T17:54:59","date_gmt":"2023-11-14T20:54:59","guid":{"rendered":"https:\/\/corrientesdetarde.com\/?p=102359"},"modified":"2023-11-14T18:29:39","modified_gmt":"2023-11-14T21:29:39","slug":"la-corte-suprema-ordeno-la-extradicion-a-chile-del-lider-mapuche-facundo-jones-huala","status":"publish","type":"post","link":"https:\/\/corrientesdetarde.com\/index.php\/politica\/la-corte-suprema-ordeno-la-extradicion-a-chile-del-lider-mapuche-facundo-jones-huala\/","title":{"rendered":"La Corte Suprema orden\u00f3 la extradici\u00f3n a Chile del l\u00edder mapuche Facundo Jones Huala"},"content":{"rendered":"\n<p>El m\u00e1ximo tribunal rechaz\u00f3 los planteos presentados por los abogados del referente de la RAM y fall\u00f3 para que cumpla el saldo de la pena a la que fue condenado en el pa\u00eds vecino.<\/p>\n\n\n\n<p>La Corte Suprema de Justicia de la Naci\u00f3n orden\u00f3 este martes la sentencia de&nbsp;<strong>extradici\u00f3n&nbsp;<\/strong>a Chile a Francisco&nbsp;<strong>Facundo Jones Huala,<\/strong>&nbsp;l\u00edder de la<strong>&nbsp;Resistencia Ancestral Mapuche (RAM).<\/strong><\/p>\n\n\n\n<p>De acuerdo al fallo, es para que cumpla con el saldo de la pena a la que fue condenado por un tribunal penal de la ciudad de Valdivia, en el vecino pa\u00eds, por los delitos de incendio y tenencia ilegal de arma de fuego de fabricaci\u00f3n artesanal.<\/p>\n","protected":false},"excerpt":{"rendered":"<p>El m\u00e1ximo tribunal rechaz\u00f3 los planteos presentados por los abogados del referente de la RAM y fall\u00f3 para que cumpla el saldo de la pena a la que fue condenado&hellip; <\/p>\n","protected":false},"author":8,"featured_media":102360,"comment_status":"closed","ping_status":"open","sticky":false,"template":"","format":"standard","meta":{"footnotes":""},"categories":[3],"tags":[],"class_list":["post-102359","post","type-post","status-publish","format-standard","has-post-thumbnail","hentry","category-politica"],"_links":{"self":[{"href":"https:\/\/corrientesdetarde.com\/index.php\/wp-json\/wp\/v2\/posts\/102359","targetHints":{"allow":["GET"]}}],"collection":[{"href":"https:\/\/corrientesdetarde.com\/index.php\/wp-json\/wp\/v2\/posts"}],"about":[{"href":"https:\/\/corrientesdetarde.com\/index.php\/wp-json\/wp\/v2\/types\/post"}],"author":[{"embeddable":true,"href":"https:\/\/corrientesdetarde.com\/index.php\/wp-json\/wp\/v2\/users\/8"}],"replies":[{"embeddable":true,"href":"https:\/\/corrientesdetarde.com\/index.php\/wp-json\/wp\/v2\/comments?post=102359"}],"version-history":[{"count":1,"href":"https:\/\/corrientesdetarde.com\/index.php\/wp-json\/wp\/v2\/posts\/102359\/revisions"}],"predecessor-version":[{"id":102361,"href":"https:\/\/corrientesdetarde.com\/index.php\/wp-json\/wp\/v2\/posts\/102359\/revisions\/102361"}],"wp:featuredmedia":[{"embeddable":true,"href":"https:\/\/corrientesdetarde.com\/index.php\/wp-json\/wp\/v2\/media\/102360"}],"wp:attachment":[{"href":"https:\/\/corrientesdetarde.com\/index.php\/wp-json\/wp\/v2\/media?parent=102359"}],"wp:term":[{"taxonomy":"category","embeddable":true,"href":"https:\/\/corrientesdetarde.com\/index.php\/wp-json\/wp\/v2\/categories?post=102359"},{"taxonomy":"post_tag","embeddable":true,"href":"https:\/\/corrientesdetarde.com\/index.php\/wp-json\/wp\/v2\/tags?post=102359"}],"curies":[{"name":"wp","href":"https:\/\/api.w.org\/{rel}","templated":true}]}}