{"id":102362,"date":"2023-11-14T17:59:56","date_gmt":"2023-11-14T20:59:56","guid":{"rendered":"https:\/\/corrientesdetarde.com\/?p=102362"},"modified":"2023-11-14T18:00:06","modified_gmt":"2023-11-14T21:00:06","slug":"wanda-nara-mostro-su-tarjeta-de-credito-y-se-descubrio-cual-es-su-segundo-nombre","status":"publish","type":"post","link":"https:\/\/corrientesdetarde.com\/index.php\/espectaculos\/wanda-nara-mostro-su-tarjeta-de-credito-y-se-descubrio-cual-es-su-segundo-nombre\/","title":{"rendered":"Wanda Nara mostr\u00f3 su tarjeta de cr\u00e9dito y se descubri\u00f3 cu\u00e1l es su segundo nombre"},"content":{"rendered":"\n<p>La empresaria comparti\u00f3 un clip en su perfil y mostr\u00f3 en detalle su tarjeta de cr\u00e9dito.<\/p>\n\n\n\n<p>Wanda Nara mostr\u00f3 cu\u00e1l es su segundo nombre. (Video: TikTok\/@wandaentiktok).<\/p>\n\n\n\n<p>Wanda Nara estren\u00f3 su nueva canci\u00f3n\u00a0<em>Bad Bitch<\/em>\u00a0e hizo un divertido video en su cuenta de<strong>\u00a0TikTok\u00a0<\/strong>donde se mostr\u00f3 comprando bolsos de lujo en un local de\u00a0<em><strong>Chanel<\/strong><\/em>.<\/p>\n\n\n\n<p>Sin embargo, un peque\u00f1o detalle llam\u00f3 la atenci\u00f3n de los usuarios de la aplicaci\u00f3n: en uno de los\u00a0<em>clips<\/em>, mostr\u00f3 su\u00a0<strong>tarjeta de cr\u00e9dito\u00a0<\/strong><em><strong>black<\/strong><\/em>en detalle y dej\u00f3 ver su segundo nombre:\u00a0<strong>Solange<\/strong>.<\/p>\n\n\n\n<figure class=\"wp-block-image\"><img decoding=\"async\" src=\"https:\/\/tn.com.ar\/resizer\/vspV2uJcVsLSdYmCNLyFZJuKamg=\/767x0\/smart\/filters:format(webp)\/cloudfront-us-east-1.images.arcpublishing.com\/artear\/ZNWVHYURYRG7HEIX2VJE4E3B44.JPG\" alt=\"Wanda Nara dej\u00f3 ver cu\u00e1l es su segundo nombre. (Foto: TikTok\/@wandaentiktok).\"\/><\/figure>\n\n\n\n<p><em><strong>\u201c<\/strong><\/em><strong>Nunca siento culpa, siempre siento que me lo merezco<\/strong>\u201d, escribi\u00f3 en el pie de foto de la publicaci\u00f3n. En tan solo cuesti\u00f3n de horas, el posteo se llen\u00f3 de \u201cMe gusta\u201d y comentarios.<\/p>\n\n\n\n<h2 class=\"wp-block-heading\">Wanda Nara rechaz\u00f3 la invitaci\u00f3n a los Latin Grammy tras su debut como cantante<\/h2>\n\n\n\n<p><strong>Wanda Nara<\/strong>\u00a0se lanz\u00f3 como cantante con su nueva canci\u00f3n<strong>\u00a0\u201c<\/strong><strong> Bat Bitch<\/strong><strong>\u201d<\/strong>. El tema se viraliz\u00f3 r\u00e1pidamente y logr\u00f3 llegar a medio mill\u00f3n de visualizaciones en menos de una semana. Entre un sinf\u00edn de memes y cr\u00edticas por su nueva faceta como m\u00fasica, los Latin Grammy reconocieron a la conductora de\u00a0<em>Masterchef (Telefe)<\/em>\u00a0y se acercaron con una especial propuesta.<\/p>\n\n\n\n<p>A trav\u00e9s de sus historias de Instagram, la esposa de<strong>\u00a0Mauro Icardi<\/strong>\u00a0revel\u00f3 que recibi\u00f3 una invitaci\u00f3n por parte de los premios m\u00e1s importantes de la m\u00fasica en espa\u00f1ol para asistir a la ceremonia que tendr\u00e1 lugar el jueves 16 de noviembre en Sevilla, Espa\u00f1a. Sin embargo, Wanda Nara se neg\u00f3 a ser parte del evento y dio las razones detr\u00e1s de la sorprendente decisi\u00f3n.<\/p>\n\n\n\n<figure class=\"wp-block-image\"><img decoding=\"async\" src=\"https:\/\/tn.com.ar\/resizer\/H_UytloBQUU5m3fN0AUfr1_TQ-w=\/767x0\/smart\/filters:format(webp)\/cloudfront-us-east-1.images.arcpublishing.com\/artear\/MFTN73GAR5DRZNVO5YGUFHELJA.jpg\" alt=\"Foto: Captura de Youtube\"\/><\/figure>\n\n\n\n<p>\u201cGracias a los Latin Grammy por la invitaci\u00f3n y las acreditaciones.\u00a0<strong>Me encuentro con mucho trabajo en Italia<\/strong>, pero el pr\u00f3ximo seguro estar\u00e9\u201d, explic\u00f3 la medi\u00e1tica. Cabe recordar que actualmente se encuentra participando de la edici\u00f3n italiana del Bailando, por lo que sus compromisos con el reality pueden afectar su asistencia a este tipo de eventos. A su vez, admiti\u00f3 su deseo de vivir esa inigualable experiencia junto a Zaira Nara: \u201cMe hubiera encantado asistir junto a mi hermana\u201d.<\/p>\n\n\n\n<figure class=\"wp-block-image size-large\"><img loading=\"lazy\" decoding=\"async\" width=\"576\" height=\"1024\" src=\"https:\/\/corrientesdetarde.com\/wp-content\/uploads\/2023\/11\/image-317-576x1024.png\" alt=\"\" class=\"wp-image-102364\" srcset=\"https:\/\/corrientesdetarde.com\/wp-content\/uploads\/2023\/11\/image-317-576x1024.png 576w, https:\/\/corrientesdetarde.com\/wp-content\/uploads\/2023\/11\/image-317-169x300.png 169w, https:\/\/corrientesdetarde.com\/wp-content\/uploads\/2023\/11\/image-317-768x1365.png 768w, https:\/\/corrientesdetarde.com\/wp-content\/uploads\/2023\/11\/image-317-864x1536.png 864w, https:\/\/corrientesdetarde.com\/wp-content\/uploads\/2023\/11\/image-317-1152x2048.png 1152w, https:\/\/corrientesdetarde.com\/wp-content\/uploads\/2023\/11\/image-317.png 1440w\" sizes=\"auto, (max-width: 576px) 100vw, 576px\" \/><\/figure>\n","protected":false},"excerpt":{"rendered":"<p>La empresaria comparti\u00f3 un clip en su perfil y mostr\u00f3 en detalle su tarjeta de cr\u00e9dito. Wanda Nara mostr\u00f3 cu\u00e1l es su segundo nombre. (Video: TikTok\/@wandaentiktok). Wanda Nara estren\u00f3 su&hellip; <\/p>\n","protected":false},"author":8,"featured_media":102363,"comment_status":"closed","ping_status":"open","sticky":false,"template":"","format":"standard","meta":{"footnotes":""},"categories":[19],"tags":[],"class_list":["post-102362","post","type-post","status-publish","format-standard","has-post-thumbnail","hentry","category-espectaculos"],"_links":{"self":[{"href":"https:\/\/corrientesdetarde.com\/index.php\/wp-json\/wp\/v2\/posts\/102362","targetHints":{"allow":["GET"]}}],"collection":[{"href":"https:\/\/corrientesdetarde.com\/index.php\/wp-json\/wp\/v2\/posts"}],"about":[{"href":"https:\/\/corrientesdetarde.com\/index.php\/wp-json\/wp\/v2\/types\/post"}],"author":[{"embeddable":true,"href":"https:\/\/corrientesdetarde.com\/index.php\/wp-json\/wp\/v2\/users\/8"}],"replies":[{"embeddable":true,"href":"https:\/\/corrientesdetarde.com\/index.php\/wp-json\/wp\/v2\/comments?post=102362"}],"version-history":[{"count":1,"href":"https:\/\/corrientesdetarde.com\/index.php\/wp-json\/wp\/v2\/posts\/102362\/revisions"}],"predecessor-version":[{"id":102365,"href":"https:\/\/corrientesdetarde.com\/index.php\/wp-json\/wp\/v2\/posts\/102362\/revisions\/102365"}],"wp:featuredmedia":[{"embeddable":true,"href":"https:\/\/corrientesdetarde.com\/index.php\/wp-json\/wp\/v2\/media\/102363"}],"wp:attachment":[{"href":"https:\/\/corrientesdetarde.com\/index.php\/wp-json\/wp\/v2\/media?parent=102362"}],"wp:term":[{"taxonomy":"category","embeddable":true,"href":"https:\/\/corrientesdetarde.com\/index.php\/wp-json\/wp\/v2\/categories?post=102362"},{"taxonomy":"post_tag","embeddable":true,"href":"https:\/\/corrientesdetarde.com\/index.php\/wp-json\/wp\/v2\/tags?post=102362"}],"curies":[{"name":"wp","href":"https:\/\/api.w.org\/{rel}","templated":true}]}}