{"id":102366,"date":"2023-11-14T18:06:43","date_gmt":"2023-11-14T21:06:43","guid":{"rendered":"https:\/\/corrientesdetarde.com\/?p=102366"},"modified":"2023-11-14T18:08:00","modified_gmt":"2023-11-14T21:08:00","slug":"mas-problemas-internos-para-netanyahu-uno-de-sus-ministros-pidio-relocalizar-a-los-palestinos-de-gaza","status":"publish","type":"post","link":"https:\/\/corrientesdetarde.com\/index.php\/internacionales\/mas-problemas-internos-para-netanyahu-uno-de-sus-ministros-pidio-relocalizar-a-los-palestinos-de-gaza\/","title":{"rendered":"M\u00e1s problemas internos para Netanyahu: uno de sus ministros pidi\u00f3 relocalizar a los palestinos de Gaza"},"content":{"rendered":"\n<p>El ministro de Finanzas, el ultraderechista Bezalel Smotrich dijo \u201cla migraci\u00f3n voluntaria y la absorci\u00f3n de los \u00e1rabes de Gaza en los pa\u00edses del mundo es una soluci\u00f3n humanitaria que pondr\u00e1 fin al sufrimiento de jud\u00edos y \u00e1rabes por igual\u201d.<\/p>\n\n\n\n<p> Despu\u00e9s que uno de sus ministros surgi\u00f3 lanzar una bomba at\u00f3mica en la Franja de Gaza, otro miembro del gabinete puso en aprietos al premier israel\u00ed Benjamin Netanyahu.<\/p>\n\n\n\n<p>Su ministro de Finanzas, el ultraderechista<strong>&nbsp;Bezalel Smotrich<\/strong>, defendi\u00f3 la posibilidad de relocalizar a los gazart\u00edes en pa\u00edses del mundo dispuestos a recibirlos como una \u201csoluci\u00f3n humanitaria\u201d al conflicto de Gaza.<\/p>\n\n\n\n<p>\u201cLa migraci\u00f3n voluntaria y la absorci\u00f3n de los \u00e1rabes de Gaza en los pa\u00edses del mundo es una soluci\u00f3n humanitaria que pondr\u00e1 fin al sufrimiento de jud\u00edos y \u00e1rabes por igual\u201d, escribi\u00f3 Smotrich en su cuenta de la red social X, la antigua Twitter.<\/p>\n\n\n\n<h2 class=\"wp-block-heading\">\u201cLos gazat\u00edes son rehenes en la pobreza y el hacinamiento de Gaza\u201d<\/h2>\n\n\n\n<p>En una declaraci\u00f3n citada por&nbsp;<em>Telam y The Jerusalem Post<\/em>, Smotrich dijo que esa ser\u00eda la soluci\u00f3n \u201cadecuada\u201d para los palestinos de Gaza y de toda la regi\u00f3n despu\u00e9s de 75 a\u00f1os de \u201crefugiados, pobreza y peligro\u201d.<\/p>\n\n\n\n<p>Smotrich dijo que \u201cla mayor parte\u201d de la actual poblaci\u00f3n de Gaza son la cuarta y quinta generaci\u00f3n de refugiados, que en lugar de ser relocalizados como \u201ccientos de millones\u201d de personas en todo el mundo, han sido \u201cmantenidos como rehenes en la pobreza y el hacinamiento\u201d de la Franja.<\/p>\n\n\n\n<figure class=\"wp-block-image\"><img decoding=\"async\" src=\"https:\/\/tn.com.ar\/resizer\/92T4FyQ6pEGAOZH3ZYnvMLTpajo=\/767x0\/smart\/filters:format(webp)\/cloudfront-us-east-1.images.arcpublishing.com\/artear\/EANZRZM7QARKTQY7J53VPTOAZU.jpg\" alt=\"Campo de refugiados palestinos en Khan Younis, en la Franja de Gaza (Foto: REUTERS\/Ibraheem Abu Mustafa)\"\/><\/figure>\n\n\n\n<p>\u201cEsta es tambi\u00e9n la raz\u00f3n del intenso odio sobre cuyas rodillas crece y se educa la poblaci\u00f3n de Gaza hacia el Estado de Israel y los jud\u00edos\u201d, dijo.<\/p>\n\n\n\n<p>Adem\u00e1s, el ministro, subray\u00f3 lo que a su juicio es la inviabilidad de Gaza, un territorio \u201dsin recursos naturales ni fuentes independientes de financiaci\u00f3n\u201d para existir sin apoyo exterior.<\/p>\n\n\n\n<p>\u201cLa aceptaci\u00f3n de los refugiados por parte de los pa\u00edses del mundo que realmente quieren sus mejores intereses, con el apoyo y la generosa asistencia financiera de la comunidad internacional, incluido el Estado de Israel, es la \u00fanica soluci\u00f3n que pondr\u00e1 fin al sufrimiento y el dolor tanto de jud\u00edos como de \u00e1rabes\u201d, dijo.<\/p>\n\n\n\n<p>Las palabras de Smotrich fueron rechazadas por la Autoridad Nacional Palestina (ANP), que gobierna en Cisjordania y las tach\u00f3 de \u201cracistas\u201d.<\/p>\n\n\n\n<p>En un comunicado, el Ministerio de Asuntos Exteriores palestino conden\u00f3 \u201clas declaraciones racistas del fascista Smotrich, consider\u00e1ndolas un desprecio de las posiciones internacionales que rechazan el desplazamiento de los palestinos\u201d. La \u00fanica soluci\u00f3n es que Israel ponga fin al \u201cgenocidio\u201d que est\u00e1 cometiendo, y que apoya gente como Smotrich, sobre la poblaci\u00f3n palestina de Gaza y que la comunidad internacional intervenga para acabar con la \u201cocupaci\u00f3n\u201d, afirm\u00f3.<\/p>\n\n\n\n<h2 class=\"wp-block-heading\">Qui\u00e9n fue el ministro israel\u00ed que pidi\u00f3 lanzar una bomba at\u00f3mica en Gaza<\/h2>\n\n\n\n<p>El 5 de noviembre, el ministro de Patrimonio, el ultraortodoxo&nbsp;<strong>Amichay Eliyahu<\/strong>,fue sancionado por Netanyahu tras asegurar que era \u201cuna opci\u00f3n\u201d&nbsp;<strong>lanzar una bomba nuclear en la Franja de Gaza<\/strong>.<\/p>\n\n\n\n<p>Su pedido choc\u00f3 con la negativa israel\u00ed a reconocerse como potencia at\u00f3mica, a pesar de las sospechas de la comunidad internacional.<\/p>\n\n\n\n<p>Tras las cr\u00edticas al curso de la guerra, el ministro Eliyahu fue interrogado sobre si la soluci\u00f3n ser\u00eda \u201cuna especie de bomba nuclear\u201d en toda la Franja de Gaza para \u201cmatar a todo el mundo\u201d. Entonces, el ministro respondi\u00f3: \u201c<strong>Es una opci\u00f3n<\/strong>\u201d.<\/p>\n\n\n\n<p>Luego, el periodista se\u00f1al\u00f3 que eso implicar\u00eda un alto precio para Israel. Pero Eliyahu dio a entender que estaba dispuesto a poner en peligro la vida de los m\u00e1s de 240 rehenes retenidos por Hamas en el enclave.<\/p>\n\n\n\n<p>\u201cEn una guerra,&nbsp;<strong>se tiene que pagar un precio<\/strong>. \u00bfPor qu\u00e9 las vidas de los rehenes (..) son m\u00e1s importantes que las de nuestros soldados?\u201d, defendi\u00f3.<\/p>\n\n\n\n<p>La oficina de Netanyahu se apresur\u00f3 a reaccionar y denunci\u00f3 que las declaraciones estuvieron \u201c<strong>desconectadas de la realidad<\/strong>\u201d. El ej\u00e9rcito israel\u00ed hace todo lo posible para evitar atacar a \u201clos no combatientes\u201d en Gaza, agreg\u00f3.<\/p>\n","protected":false},"excerpt":{"rendered":"<p>El ministro de Finanzas, el ultraderechista Bezalel Smotrich dijo \u201cla migraci\u00f3n voluntaria y la absorci\u00f3n de los \u00e1rabes de Gaza en los pa\u00edses del mundo es una soluci\u00f3n humanitaria que&hellip; <\/p>\n","protected":false},"author":8,"featured_media":102367,"comment_status":"closed","ping_status":"open","sticky":false,"template":"","format":"standard","meta":{"footnotes":""},"categories":[11],"tags":[],"class_list":["post-102366","post","type-post","status-publish","format-standard","has-post-thumbnail","hentry","category-internacionales"],"_links":{"self":[{"href":"https:\/\/corrientesdetarde.com\/index.php\/wp-json\/wp\/v2\/posts\/102366","targetHints":{"allow":["GET"]}}],"collection":[{"href":"https:\/\/corrientesdetarde.com\/index.php\/wp-json\/wp\/v2\/posts"}],"about":[{"href":"https:\/\/corrientesdetarde.com\/index.php\/wp-json\/wp\/v2\/types\/post"}],"author":[{"embeddable":true,"href":"https:\/\/corrientesdetarde.com\/index.php\/wp-json\/wp\/v2\/users\/8"}],"replies":[{"embeddable":true,"href":"https:\/\/corrientesdetarde.com\/index.php\/wp-json\/wp\/v2\/comments?post=102366"}],"version-history":[{"count":1,"href":"https:\/\/corrientesdetarde.com\/index.php\/wp-json\/wp\/v2\/posts\/102366\/revisions"}],"predecessor-version":[{"id":102368,"href":"https:\/\/corrientesdetarde.com\/index.php\/wp-json\/wp\/v2\/posts\/102366\/revisions\/102368"}],"wp:featuredmedia":[{"embeddable":true,"href":"https:\/\/corrientesdetarde.com\/index.php\/wp-json\/wp\/v2\/media\/102367"}],"wp:attachment":[{"href":"https:\/\/corrientesdetarde.com\/index.php\/wp-json\/wp\/v2\/media?parent=102366"}],"wp:term":[{"taxonomy":"category","embeddable":true,"href":"https:\/\/corrientesdetarde.com\/index.php\/wp-json\/wp\/v2\/categories?post=102366"},{"taxonomy":"post_tag","embeddable":true,"href":"https:\/\/corrientesdetarde.com\/index.php\/wp-json\/wp\/v2\/tags?post=102366"}],"curies":[{"name":"wp","href":"https:\/\/api.w.org\/{rel}","templated":true}]}}