{"id":102384,"date":"2023-11-14T22:40:05","date_gmt":"2023-11-15T01:40:05","guid":{"rendered":"https:\/\/corrientesdetarde.com\/?p=102384"},"modified":"2023-11-14T22:40:17","modified_gmt":"2023-11-15T01:40:17","slug":"cordoba-nuevos-focos-de-incendio-en-calamuchita-y-traslasierra","status":"publish","type":"post","link":"https:\/\/corrientesdetarde.com\/index.php\/sociales\/cordoba-nuevos-focos-de-incendio-en-calamuchita-y-traslasierra\/","title":{"rendered":"C\u00f3rdoba: nuevos focos de incendio en Calamuchita y Traslasierra"},"content":{"rendered":"\n<p>La situaci\u00f3n est\u00e1 controlada, pero el clima de esta \u00e9poca genera un riesgo extremo.<\/p>\n\n\n\n<p><strong>Dos nuevos\u00a0focos de incendios\u00a0forestales<\/strong>\u00a0se originaron este martes en los departamento de\u00a0<strong>Calamuchita y\u00a0en Traslasierra,<\/strong>\u00a0seg\u00fan confirmo la Secretar\u00eda de Gesti\u00f3n de Riesgo\u00a0Clim\u00e1tico, Cat\u00e1strofes y Protecci\u00f3n Civil de la Provincia de\u00a0C\u00f3rdoba.<\/p>\n\n\n\n<p>El primer frente fue localizado en&nbsp;<strong>Loma del Tigre,<\/strong>&nbsp;jurisdicci\u00f3n de Villa Berna, en Calamuchita (en la zona central de la provincia), donde trabajaron&nbsp;de bomberos voluntarios de la zona y dos aviones hidrantes.&nbsp;All\u00ed hay&nbsp;<strong>75 efectivos afectados<\/strong>, entre ellos personal del&nbsp;Equipo T\u00e9cnico de Acci\u00f3n ante Cat\u00e1strofes (Etac).<\/p>\n\n\n\n<p>Asimismo, dos aviones hidrantes se dirigieron a la zona para&nbsp;cortar el avance de la cabeza del incendio. Se inform\u00f3 que&nbsp;<strong>el&nbsp;riesgo de interfase (inclusi\u00f3n de viviendas o \u00e1reas pobladas) se&nbsp;mantiene controlado,<\/strong>&nbsp;y las viviendas m\u00e1s pr\u00f3ximas se encuentran a&nbsp;unos 1.500 metros.<\/p>\n\n\n\n<p>En tanto, el otro foco se encuentra en Traslasierra, m\u00e1s&nbsp;precisamente en la zona conocida como<strong>&nbsp;El Durazno,<\/strong>&nbsp;jurisdicci\u00f3n de&nbsp;San Carlos Minas, al noroeste de la provincia.<\/p>\n\n\n\n<p>La Secretar\u00eda de Gesti\u00f3n de Riesgo Clim\u00e1tico dio cuenta que&nbsp;hasta el lugar se desplaz\u00f3 un avi\u00f3n hidrante, para reforzar el&nbsp;trabajo de bomberos voluntarios de la zona y personal del Etac.<\/p>\n\n\n\n<p>Seg\u00fan el \u00faltimo reporte, all\u00ed trabajan 45 efectivos, entre&nbsp;bomberos y el Etac. Y agreg\u00f3 que&nbsp;<strong>el riesgo de interfase esta&nbsp;cubierto,<\/strong>&nbsp;habi\u00e9ndose evacuado algunas familias que se&nbsp;trasladaron al paraje La Argentina.<\/p>\n\n\n\n<p>Las&nbsp;<strong>altas temperaturas,<\/strong>&nbsp;t\u00edpicas de esta \u00e9poca cercana al verano, sumadas a la&nbsp;<strong>baja humedad y el viento<\/strong>&nbsp;resultan propicias para el inicio del fuego y una r\u00e1pida propagaci\u00f3n de las llamas en las zonas rurales.<\/p>\n","protected":false},"excerpt":{"rendered":"<p>La situaci\u00f3n est\u00e1 controlada, pero el clima de esta \u00e9poca genera un riesgo extremo. Dos nuevos\u00a0focos de incendios\u00a0forestales\u00a0se originaron este martes en los departamento de\u00a0Calamuchita y\u00a0en Traslasierra,\u00a0seg\u00fan confirmo la Secretar\u00eda&hellip; <\/p>\n","protected":false},"author":4,"featured_media":102421,"comment_status":"closed","ping_status":"open","sticky":false,"template":"","format":"standard","meta":{"footnotes":""},"categories":[17],"tags":[],"class_list":["post-102384","post","type-post","status-publish","format-standard","has-post-thumbnail","hentry","category-sociales"],"_links":{"self":[{"href":"https:\/\/corrientesdetarde.com\/index.php\/wp-json\/wp\/v2\/posts\/102384","targetHints":{"allow":["GET"]}}],"collection":[{"href":"https:\/\/corrientesdetarde.com\/index.php\/wp-json\/wp\/v2\/posts"}],"about":[{"href":"https:\/\/corrientesdetarde.com\/index.php\/wp-json\/wp\/v2\/types\/post"}],"author":[{"embeddable":true,"href":"https:\/\/corrientesdetarde.com\/index.php\/wp-json\/wp\/v2\/users\/4"}],"replies":[{"embeddable":true,"href":"https:\/\/corrientesdetarde.com\/index.php\/wp-json\/wp\/v2\/comments?post=102384"}],"version-history":[{"count":1,"href":"https:\/\/corrientesdetarde.com\/index.php\/wp-json\/wp\/v2\/posts\/102384\/revisions"}],"predecessor-version":[{"id":102422,"href":"https:\/\/corrientesdetarde.com\/index.php\/wp-json\/wp\/v2\/posts\/102384\/revisions\/102422"}],"wp:featuredmedia":[{"embeddable":true,"href":"https:\/\/corrientesdetarde.com\/index.php\/wp-json\/wp\/v2\/media\/102421"}],"wp:attachment":[{"href":"https:\/\/corrientesdetarde.com\/index.php\/wp-json\/wp\/v2\/media?parent=102384"}],"wp:term":[{"taxonomy":"category","embeddable":true,"href":"https:\/\/corrientesdetarde.com\/index.php\/wp-json\/wp\/v2\/categories?post=102384"},{"taxonomy":"post_tag","embeddable":true,"href":"https:\/\/corrientesdetarde.com\/index.php\/wp-json\/wp\/v2\/tags?post=102384"}],"curies":[{"name":"wp","href":"https:\/\/api.w.org\/{rel}","templated":true}]}}