{"id":102387,"date":"2023-11-14T21:37:18","date_gmt":"2023-11-15T00:37:18","guid":{"rendered":"https:\/\/corrientesdetarde.com\/?p=102387"},"modified":"2023-11-14T21:37:22","modified_gmt":"2023-11-15T00:37:22","slug":"polemica-el-cambio-en-el-reglamento-que-podria-tener-la-copa-de-la-liga-en-su-definicion","status":"publish","type":"post","link":"https:\/\/corrientesdetarde.com\/index.php\/deportes\/polemica-el-cambio-en-el-reglamento-que-podria-tener-la-copa-de-la-liga-en-su-definicion\/","title":{"rendered":"Pol\u00e9mica: el cambio en el reglamento que podr\u00eda tener la Copa de la Liga en su definici\u00f3n"},"content":{"rendered":"\n<p>Esto se da en visperas de lo que ser\u00e1 la \u00faltima fecha del certamen que se disputar\u00e1 el fin de semana del 24 al 26 de noviembre.<\/p>\n\n\n\n<p>La organizaci\u00f3n de<strong>\u00a0la\u00a0Copa de la Liga\u00a0analiza realizar un cambio en el reglamento<\/strong>\u00a0que impactar\u00eda de lleno en la\u00a0definici\u00f3n por la permanencia\u00a0ya que\u00a0<strong>el equipo que descienda no podr\u00eda jugar los cuartos de final<\/strong>\u00a0del certamen.<\/p>\n\n\n\n<p>En v\u00edsperas de lo que ser\u00e1 la fecha en la que se decida qui\u00e9n se queda en Primera Divisi\u00f3n y qui\u00e9n desciende a la Primera Nacional, la organizaci\u00f3n del torneo domestico podr\u00eda implementar una modificaci\u00f3n en el reglamento que habla de que&nbsp;<strong>el equipo que pierda la categor\u00eda no podr\u00e1 jugar los cuartos de final.<\/strong>&nbsp;En ese caso,&nbsp;<strong>clasificar\u00eda el quinto de la zona.<\/strong><\/p>\n\n\n\n<p>El \u00fanico afectado con esta medida ser\u00eda&nbsp;<strong>Col\u00f3n de Santa Fe<\/strong>&nbsp;que,&nbsp;<strong>en caso de empatar ante V\u00e9lez y que no ganen Rosario Central, Banfield e Instituto<\/strong>, podr\u00eda&nbsp;<strong>descender y, a su vez, clasificar a los cuartos de final<\/strong>&nbsp;de la Copa de la Liga.<\/p>\n\n\n\n<p>Se especula que esta resoluci\u00f3n se tomar\u00eda en torno al<strong>&nbsp;pedido de la CONMEBOL de que no jueguen equipos descendidos la Copa Libertadores<\/strong>&nbsp;como ocurri\u00f3, en la \u00faltima edici\u00f3n, con Patronato por haber ganado la Copa Argentina.<\/p>\n","protected":false},"excerpt":{"rendered":"<p>Esto se da en visperas de lo que ser\u00e1 la \u00faltima fecha del certamen que se disputar\u00e1 el fin de semana del 24 al 26 de noviembre. La organizaci\u00f3n de\u00a0la\u00a0Copa&hellip; <\/p>\n","protected":false},"author":4,"featured_media":102410,"comment_status":"closed","ping_status":"open","sticky":false,"template":"","format":"standard","meta":{"footnotes":""},"categories":[4],"tags":[],"class_list":["post-102387","post","type-post","status-publish","format-standard","has-post-thumbnail","hentry","category-deportes"],"_links":{"self":[{"href":"https:\/\/corrientesdetarde.com\/index.php\/wp-json\/wp\/v2\/posts\/102387","targetHints":{"allow":["GET"]}}],"collection":[{"href":"https:\/\/corrientesdetarde.com\/index.php\/wp-json\/wp\/v2\/posts"}],"about":[{"href":"https:\/\/corrientesdetarde.com\/index.php\/wp-json\/wp\/v2\/types\/post"}],"author":[{"embeddable":true,"href":"https:\/\/corrientesdetarde.com\/index.php\/wp-json\/wp\/v2\/users\/4"}],"replies":[{"embeddable":true,"href":"https:\/\/corrientesdetarde.com\/index.php\/wp-json\/wp\/v2\/comments?post=102387"}],"version-history":[{"count":1,"href":"https:\/\/corrientesdetarde.com\/index.php\/wp-json\/wp\/v2\/posts\/102387\/revisions"}],"predecessor-version":[{"id":102411,"href":"https:\/\/corrientesdetarde.com\/index.php\/wp-json\/wp\/v2\/posts\/102387\/revisions\/102411"}],"wp:featuredmedia":[{"embeddable":true,"href":"https:\/\/corrientesdetarde.com\/index.php\/wp-json\/wp\/v2\/media\/102410"}],"wp:attachment":[{"href":"https:\/\/corrientesdetarde.com\/index.php\/wp-json\/wp\/v2\/media?parent=102387"}],"wp:term":[{"taxonomy":"category","embeddable":true,"href":"https:\/\/corrientesdetarde.com\/index.php\/wp-json\/wp\/v2\/categories?post=102387"},{"taxonomy":"post_tag","embeddable":true,"href":"https:\/\/corrientesdetarde.com\/index.php\/wp-json\/wp\/v2\/tags?post=102387"}],"curies":[{"name":"wp","href":"https:\/\/api.w.org\/{rel}","templated":true}]}}