{"id":102394,"date":"2023-11-14T20:40:52","date_gmt":"2023-11-14T23:40:52","guid":{"rendered":"https:\/\/corrientesdetarde.com\/?p=102394"},"modified":"2023-11-14T20:40:56","modified_gmt":"2023-11-14T23:40:56","slug":"el-fantasma-de-la-impunidad-sobrevolo-madrid-y-ferraz-inflamadas-de-opositores-a-sanchez","status":"publish","type":"post","link":"https:\/\/corrientesdetarde.com\/index.php\/internacionales\/el-fantasma-de-la-impunidad-sobrevolo-madrid-y-ferraz-inflamadas-de-opositores-a-sanchez\/","title":{"rendered":"El fantasma de la impunidad sobrevol\u00f3 Madrid y Ferraz, inflamadas de opositores a S\u00e1nchez"},"content":{"rendered":"\n<p>Una concentraci\u00f3n masiva organizada por el PP desbord\u00f3 la ciudad capital: &#8220;Espa\u00f1a va a tener a un presidente que ha comprado su investidura a cambio de la impunidad judicial de sus socios&#8221;, denunciaron.<\/p>\n\n\n\n<p>Cerca de un mill\u00f3n de personas en Madrid y m\u00e1s de dos millones en toda Espa\u00f1a sumaron las\u00a0<strong>manifestaciones convocadas por el Partido Popular espa\u00f1ol<\/strong>\u00a0en rechazo de los\u00a0<strong>pactos entre el PSOE y los independentistas que incluyen la amnist\u00eda<\/strong>.<\/p>\n\n\n\n<p>En la capital espa\u00f1ola se hizo notar la presencia de&nbsp;<strong>Santiago Abascal<\/strong>&nbsp;y muchos dirigentes de su partido, que luego se trasladar\u00edan a Ferraz.<\/p>\n\n\n\n<p>Los organizadores quedaron sorprendidos de la cantidad de gente reunida en las adyacencias de la&nbsp;<strong>Puerta del Sol.<\/strong>&nbsp;Euf\u00f3ricos, estimaron en&nbsp;<strong>500 mil la concurrencia<\/strong>, contra los 80 mil calculados por la delegaci\u00f3n del Gobierno.<\/p>\n\n\n\n<p>El entusiasmo reinante hizo&nbsp;<strong>confundir el clima de indignaci\u00f3n<\/strong>&nbsp;con una&nbsp;<strong>sensaci\u00f3n de festividad<\/strong>&nbsp;emanada de la multitudinaria convocatoria que cop\u00f3 el centro madrile\u00f1o.<\/p>\n\n\n\n<p>Los gritos de &#8220;<strong>Puigdemont a prisi\u00f3n<\/strong>&#8221; y los que trataban a&nbsp;<strong>Pedro S\u00e1nchez<\/strong>&nbsp;de&nbsp;<strong>traidor,<\/strong>&nbsp;se entremezclaban con el canto habitual de &#8220;Espa\u00f1a, unida, jamas ser\u00e1 vencida&#8221;, escribi\u00f3 en la cr\u00f3nica publicada en ABC,&nbsp;&nbsp;V\u00edctor Ruiz Salmer\u00f3n.<\/p>\n\n\n\n<p>Predominaban las banderas de Europa que hab\u00edan repartido los miembros del Partido Popular y las de la espa\u00f1ola constitucional.<\/p>\n\n\n\n<p><strong>&#8220;Se vende Espa\u00f1a por 7 votos&#8221;,<\/strong>&nbsp;era la leyenda saliente que opacaba a los carteles preconstitucionales.<\/p>\n\n\n\n<p>Lo que no contaban los dirigentes del PP era que<strong>&nbsp;la manifestaci\u00f3n exceder\u00eda tanto la capacidad de movilizaci\u00f3n del propio partido.<\/strong><\/p>\n\n\n\n<p><strong>Vox<\/strong>&nbsp;decidi\u00f3 apoyar estas manifestaciones y&nbsp;<strong>llevar luego a las sedes del PSOE las concentraciones<\/strong>, presencia que se advirti\u00f3 en los c\u00e1nticos que se impusieron.<\/p>\n\n\n\n<p>Pero correspondi\u00f3 al secretario general del PP de Madrid,<strong>&nbsp;Alfonso Alonso,<\/strong>&nbsp;la lectura del manifiesto \u00fanico que se difundi\u00f3 en las 52 ciudades capitales de provincia.<\/p>\n\n\n\n<p>El alcalde de Madrid,&nbsp;<strong>Jos\u00e9 Luis Martinez Almeida<\/strong>, lo precedi\u00f3 con un en\u00e9rgico discurso en el que record\u00f3 a qui\u00e9nes se enfrentaron al&nbsp;<strong>golpe separatista de 2017 en Catalu\u00f1a<\/strong>: &#8220;Cuando nos quiera vencer la desesperanza, el enfado o la resignaci\u00f3n recordemos a todos estos h\u00e9roes. No tenemos derecho ni a rendirnos ni a resignarnos&#8221;.<\/p>\n\n\n\n<p>Luego dio paso a la presidenta de la Comunidad de Madrid,&nbsp;<strong>Isabel D\u00edaz Ayuso<\/strong>, quien pronunci\u00f3 un discurso calmo en las formas pero dur\u00edsimo en el contenido, en absoluta sinton\u00eda con los congregados: &#8220;El<strong>&nbsp;proyecto oculto de Pedro S\u00e0nchez<\/strong>&nbsp;ha dado por fin la cara. Es el&nbsp;<strong>totalitarismo<\/strong>. Decidi\u00f3 no perder el poder le cueste lo que le cueste a Espa\u00f1a&#8221;.<\/p>\n\n\n\n<p>La multitud bramaba contra el presidente espa\u00f1ol, m\u00e1s cuando<strong>&nbsp;Ayuso llam\u00f3 a la resistencia y alert\u00f3 contra la resignaci\u00f3n<\/strong>: &#8220;Devolveremos golpe por golpe (\u2026) Han olvidado que aqu\u00ed est\u00e1 Madrid. Nos toca dar esta batalla. Piensa que nos vamos a rendir, que nos vamos a enfriar.&nbsp;<strong>No fallaremos y no callaremos<\/strong>&#8220;, sentenci\u00f3.<\/p>\n\n\n\n<p>En el cierre del acto, el presidente del PP,&nbsp;<strong>Alberto N\u00fa\u00f1ez Feij\u00f3o,<\/strong>&nbsp;agradeci\u00f3 la masiva presencia en Madrid y en toda Espa\u00f1a: &#8220;S\u00e9 que no acud\u00eds solo por el PP ni solo los votantes del PP.<strong>&nbsp;S\u00e9 que esto va mucho m\u00e1s all\u00e1 de partidos.<\/strong>&nbsp;Esto traspasa partidos pol\u00edticos. S\u00e9 que est\u00e1is aqu\u00ed porque&nbsp;<strong>ten\u00e9is principios que no est\u00e1is dispuestos a que os lo arrebaten<\/strong>&#8220;.<\/p>\n\n\n\n<p>Denunci\u00f3: &#8220;Espa\u00f1a va a tener a&nbsp;<strong>un presidente que ha comprado su investidura a cambio de la impunidad judicial de sus socios<\/strong>&#8220;.<\/p>\n\n\n\n<p>El presidente del PP se\u00f1al\u00f3 que, con uno de los apoyos m\u00e1s bajos de los \u00faltimos a\u00f1os, el independentismo encontr\u00f3 &#8220;un atajo&#8221; con quien &#8220;<strong>hace de sus necesidades problemas para los espa\u00f1oles<\/strong>&#8220;.<\/p>\n\n\n\n<p>Pendiente de que los \u00e1nimos en la oposici\u00f3n a S\u00e1nchez est\u00e1n muy caldeados,&nbsp;<strong>Feij\u00f3o afloj\u00f3 la contundencia verbal e institucional<\/strong>&nbsp;e inst\u00f3 a &#8220;no caer en las provocaciones sino&nbsp;<strong>construir un gran proceso de entendimiento como hicimos en la Transici\u00f3n<\/strong>&#8220;.<\/p>\n\n\n\n<p>Vaticin\u00f3 en consecuencia &#8220;<strong>unos pr\u00f3ximos meses aciagos<\/strong>&#8220;.<\/p>\n","protected":false},"excerpt":{"rendered":"<p>Una concentraci\u00f3n masiva organizada por el PP desbord\u00f3 la ciudad capital: &#8220;Espa\u00f1a va a tener a un presidente que ha comprado su investidura a cambio de la impunidad judicial de&hellip; <\/p>\n","protected":false},"author":4,"featured_media":102395,"comment_status":"closed","ping_status":"open","sticky":false,"template":"","format":"standard","meta":{"footnotes":""},"categories":[11],"tags":[],"class_list":["post-102394","post","type-post","status-publish","format-standard","has-post-thumbnail","hentry","category-internacionales"],"_links":{"self":[{"href":"https:\/\/corrientesdetarde.com\/index.php\/wp-json\/wp\/v2\/posts\/102394","targetHints":{"allow":["GET"]}}],"collection":[{"href":"https:\/\/corrientesdetarde.com\/index.php\/wp-json\/wp\/v2\/posts"}],"about":[{"href":"https:\/\/corrientesdetarde.com\/index.php\/wp-json\/wp\/v2\/types\/post"}],"author":[{"embeddable":true,"href":"https:\/\/corrientesdetarde.com\/index.php\/wp-json\/wp\/v2\/users\/4"}],"replies":[{"embeddable":true,"href":"https:\/\/corrientesdetarde.com\/index.php\/wp-json\/wp\/v2\/comments?post=102394"}],"version-history":[{"count":1,"href":"https:\/\/corrientesdetarde.com\/index.php\/wp-json\/wp\/v2\/posts\/102394\/revisions"}],"predecessor-version":[{"id":102396,"href":"https:\/\/corrientesdetarde.com\/index.php\/wp-json\/wp\/v2\/posts\/102394\/revisions\/102396"}],"wp:featuredmedia":[{"embeddable":true,"href":"https:\/\/corrientesdetarde.com\/index.php\/wp-json\/wp\/v2\/media\/102395"}],"wp:attachment":[{"href":"https:\/\/corrientesdetarde.com\/index.php\/wp-json\/wp\/v2\/media?parent=102394"}],"wp:term":[{"taxonomy":"category","embeddable":true,"href":"https:\/\/corrientesdetarde.com\/index.php\/wp-json\/wp\/v2\/categories?post=102394"},{"taxonomy":"post_tag","embeddable":true,"href":"https:\/\/corrientesdetarde.com\/index.php\/wp-json\/wp\/v2\/tags?post=102394"}],"curies":[{"name":"wp","href":"https:\/\/api.w.org\/{rel}","templated":true}]}}