{"id":102397,"date":"2023-11-14T20:42:00","date_gmt":"2023-11-14T23:42:00","guid":{"rendered":"https:\/\/corrientesdetarde.com\/?p=102397"},"modified":"2023-11-14T20:42:04","modified_gmt":"2023-11-14T23:42:04","slug":"seis-monjas-argentinas-se-mudaran-a-un-monasterio-en-el-vaticano-por-decision-del-papa","status":"publish","type":"post","link":"https:\/\/corrientesdetarde.com\/index.php\/internacionales\/seis-monjas-argentinas-se-mudaran-a-un-monasterio-en-el-vaticano-por-decision-del-papa\/","title":{"rendered":"Seis monjas argentinas se mudar\u00e1n a un monasterio en el Vaticano, por decisi\u00f3n del Papa"},"content":{"rendered":"\n<p>El lugar es recordado porque all\u00ed vivi\u00f3 durante casi 10 a\u00f1os y muri\u00f3, el 31 de enero\u00a0pasado, a los 95 a\u00f1os, Benedicto XVI.<\/p>\n\n\n\n<p><strong>Seis monjas benedictinas de un&nbsp;monasterio argentino se mudar\u00e1n en enero al Monasterio Mater&nbsp;Ecclesiae del Vaticano, el lugar que salt\u00f3 a la fama en todo el&nbsp;mundo porque all\u00ed vivi\u00f3 durante casi 10 a\u00f1os y muri\u00f3, el 31 de enero&nbsp;pasado, a los 95 a\u00f1os, Benedicto XVI, papa em\u00e9rito.<\/strong><\/p>\n\n\n\n<p>As\u00ed lo dispuso el<strong>&nbsp;papa Francisco<\/strong>, seg\u00fan un comunicado del&nbsp;Vaticano, publicado este martes por el matutino porte\u00f1o &#8220;La Naci\u00f3n&#8221;.&nbsp;<\/p>\n\n\n\n<p><strong>&#8220;El papa Francisco convoc\u00f3 a las monjas de la Orden&nbsp;Benedictina de la Abad\u00eda de Santa Escol\u00e1stica en Victoria, Provincia&nbsp;de Buenos Aires (Di\u00f3cesis de San Isidro) en la Argentina, quienes&nbsp;generosamente aceptaron la invitaci\u00f3n&#8221;<\/strong>, indica la nota.<\/p>\n\n\n\n<p>Las monjas llegar\u00e1n al monasterio que se encuentra en una colina&nbsp;de los Jardines del Vaticano a principios de enero.<\/p>\n","protected":false},"excerpt":{"rendered":"<p>El lugar es recordado porque all\u00ed vivi\u00f3 durante casi 10 a\u00f1os y muri\u00f3, el 31 de enero\u00a0pasado, a los 95 a\u00f1os, Benedicto XVI. Seis monjas benedictinas de un&nbsp;monasterio argentino se&hellip; <\/p>\n","protected":false},"author":4,"featured_media":102398,"comment_status":"closed","ping_status":"open","sticky":false,"template":"","format":"standard","meta":{"footnotes":""},"categories":[11],"tags":[],"class_list":["post-102397","post","type-post","status-publish","format-standard","has-post-thumbnail","hentry","category-internacionales"],"_links":{"self":[{"href":"https:\/\/corrientesdetarde.com\/index.php\/wp-json\/wp\/v2\/posts\/102397","targetHints":{"allow":["GET"]}}],"collection":[{"href":"https:\/\/corrientesdetarde.com\/index.php\/wp-json\/wp\/v2\/posts"}],"about":[{"href":"https:\/\/corrientesdetarde.com\/index.php\/wp-json\/wp\/v2\/types\/post"}],"author":[{"embeddable":true,"href":"https:\/\/corrientesdetarde.com\/index.php\/wp-json\/wp\/v2\/users\/4"}],"replies":[{"embeddable":true,"href":"https:\/\/corrientesdetarde.com\/index.php\/wp-json\/wp\/v2\/comments?post=102397"}],"version-history":[{"count":1,"href":"https:\/\/corrientesdetarde.com\/index.php\/wp-json\/wp\/v2\/posts\/102397\/revisions"}],"predecessor-version":[{"id":102399,"href":"https:\/\/corrientesdetarde.com\/index.php\/wp-json\/wp\/v2\/posts\/102397\/revisions\/102399"}],"wp:featuredmedia":[{"embeddable":true,"href":"https:\/\/corrientesdetarde.com\/index.php\/wp-json\/wp\/v2\/media\/102398"}],"wp:attachment":[{"href":"https:\/\/corrientesdetarde.com\/index.php\/wp-json\/wp\/v2\/media?parent=102397"}],"wp:term":[{"taxonomy":"category","embeddable":true,"href":"https:\/\/corrientesdetarde.com\/index.php\/wp-json\/wp\/v2\/categories?post=102397"},{"taxonomy":"post_tag","embeddable":true,"href":"https:\/\/corrientesdetarde.com\/index.php\/wp-json\/wp\/v2\/tags?post=102397"}],"curies":[{"name":"wp","href":"https:\/\/api.w.org\/{rel}","templated":true}]}}