{"id":102401,"date":"2023-11-14T20:54:01","date_gmt":"2023-11-14T23:54:01","guid":{"rendered":"https:\/\/corrientesdetarde.com\/?p=102401"},"modified":"2023-11-14T20:54:13","modified_gmt":"2023-11-14T23:54:13","slug":"riquelme-y-ameal-la-formula-para-la-reeleccion-del-oficialismo-en-boca","status":"publish","type":"post","link":"https:\/\/corrientesdetarde.com\/index.php\/deportes\/riquelme-y-ameal-la-formula-para-la-reeleccion-del-oficialismo-en-boca\/","title":{"rendered":"Riquelme y Ameal, la f\u00f3rmula para la reelecci\u00f3n del oficialismo en Boca"},"content":{"rendered":"\n<p>El actual vicepresidente segundo ser\u00e1 el candidato a presidente para pelear las elecciones ante Andr\u00e9s Ibarra y Mauricio Macri.<\/p>\n\n\n\n<p>El vicepresidente segundo de Boca,\u00a0<strong>Juan Rom\u00e1n Riquelme,<\/strong>\u00a0anunci\u00f3 su candidatura a presidente del club junto a\u00a0<strong>Jorge Amor Ameal<\/strong>\u00a0como su vicepresidente para las\u00a0<strong>elecciones presidenciales<\/strong>\u00a0de este 2 de diciembre.<\/p>\n\n\n\n<p>En primera instancia, el secretario general de la instituci\u00f3n,<strong>&nbsp;Ricardo Rosica<\/strong>, iba a ser el candidato a vice junto a Riquelme pero &#8220;Rom\u00e1n&#8221; confirm\u00f3 que&nbsp;<strong>el actual mandam\u00e1s de Boca ser\u00e1 su compa\u00f1ero de f\u00f3rmula.<\/strong><\/p>\n\n\n\n<p>Ante este cambio en la f\u00f3rmula que encabezar\u00e1 la lista,&nbsp;<strong>Rosica seguir\u00e1 como secretario general de la instituci\u00f3n<\/strong>, siendo uno de los nombres que mantendr\u00e1n el mismo puesto en caso de ganar las elecciones.<\/p>\n\n\n\n<p>Otro de los nombres fuertes que salieron para ocupar el puesto de vice fue el de Agust\u00edn Vila, el hijo del empresario Daniel Vila -presidente del club reci\u00e9n ascendido a la Liga Profesional, Independiente Rivadavia de Mendoza- pero se baj\u00f3 a \u00faltimo momento para poner a Ameal en ese lugar.<\/p>\n\n\n\n<h2 class=\"wp-block-heading\">La presentaci\u00f3n de Ibarra y Macri<\/h2>\n\n\n\n<p><strong>Mauricio Macri<\/strong>, ex presidente de Boca entre 1995 y 2007,\u00a0<strong>junto al candidato a presidente Andr\u00e9s Ibarra<\/strong>\u00a0anunciaron ayer la formula de la oposici\u00f3n para las elecciones en el club &#8220;xeneize&#8221; que tendr\u00e1 lugar el\u00a0<strong>pr\u00f3ximo s\u00e1bado 2 de diciembre<\/strong><\/p>\n\n\n\n<p>La presentaci\u00f3n tuvo lugar en el Yacht Club de Puerto Madero alrededor de las 14.30 horas del lunes, momento en el cual Andr\u00e9s Ibarra apareci\u00f3 junto a Mauricio Macri y tom\u00f3 la palabra, como candidato a presidente, comenzando con un agradecimiento a las agrupaciones que lo respaldan y al ex mandatario de la Naci\u00f3n:&nbsp;<strong>&#8220;Gracias a las agrupaciones que nos respaldan y sobre todo a vos, Mauricio (Macri), que tomaste la decisi\u00f3n de volver a nuestro club para ayudarnos a ponerlo en lo m\u00e1s alto. Por eso es un honor para m\u00ed decirlo formalmente que me vas a acompa\u00f1ar en la f\u00f3rmula como vicepresidente 1\u00b0. Contar con el apoyo del presidente m\u00e1s exitoso en la historia de Boca es un verdadero orgullo&#8221;.<\/strong><\/p>\n\n\n\n<h2 class=\"wp-block-heading\">Las repercusiones por la f\u00f3rmula<\/h2>\n\n\n\n<p>El exvicepresidente, Mario Pergolini -quien se uni\u00f3n a Andr\u00e9s Ibarra y Mauricio Macri para las elecciones-, lanz\u00f3 un pol\u00e9mico dardo en sus redes sociales sobre la sociedad de Riquelme y Ameal para el 2 de diciembre:&nbsp;<strong>&#8220;Qu\u00e9 loco. Yo pens\u00e9 que no se hablaban. En fin. Cada pareja es un mundo&#8221;<\/strong>.<\/p>\n\n\n\n<figure class=\"wp-block-image\"><img decoding=\"async\" src=\"https:\/\/noticiasargentinas.com\/images\/NA\/Contenidos\/pergolini_w862.webp\" alt=\"pergolini_w862.jpg\"\/><\/figure>\n\n\n\n<p>A su vez, la dupla de Ibarra y Macri anunciaron que el entrenador para la pr\u00f3xima temporada, en caso de ganar ellos las elecciones,&nbsp;<strong>ser\u00e1 Mart\u00edn Palermo, quien actualmente est\u00e1 trabajando en Platense.<\/strong><\/p>\n","protected":false},"excerpt":{"rendered":"<p>El actual vicepresidente segundo ser\u00e1 el candidato a presidente para pelear las elecciones ante Andr\u00e9s Ibarra y Mauricio Macri. El vicepresidente segundo de Boca,\u00a0Juan Rom\u00e1n Riquelme,\u00a0anunci\u00f3 su candidatura a presidente&hellip; <\/p>\n","protected":false},"author":4,"featured_media":102402,"comment_status":"closed","ping_status":"open","sticky":false,"template":"","format":"standard","meta":{"footnotes":""},"categories":[4],"tags":[],"class_list":["post-102401","post","type-post","status-publish","format-standard","has-post-thumbnail","hentry","category-deportes"],"_links":{"self":[{"href":"https:\/\/corrientesdetarde.com\/index.php\/wp-json\/wp\/v2\/posts\/102401","targetHints":{"allow":["GET"]}}],"collection":[{"href":"https:\/\/corrientesdetarde.com\/index.php\/wp-json\/wp\/v2\/posts"}],"about":[{"href":"https:\/\/corrientesdetarde.com\/index.php\/wp-json\/wp\/v2\/types\/post"}],"author":[{"embeddable":true,"href":"https:\/\/corrientesdetarde.com\/index.php\/wp-json\/wp\/v2\/users\/4"}],"replies":[{"embeddable":true,"href":"https:\/\/corrientesdetarde.com\/index.php\/wp-json\/wp\/v2\/comments?post=102401"}],"version-history":[{"count":1,"href":"https:\/\/corrientesdetarde.com\/index.php\/wp-json\/wp\/v2\/posts\/102401\/revisions"}],"predecessor-version":[{"id":102403,"href":"https:\/\/corrientesdetarde.com\/index.php\/wp-json\/wp\/v2\/posts\/102401\/revisions\/102403"}],"wp:featuredmedia":[{"embeddable":true,"href":"https:\/\/corrientesdetarde.com\/index.php\/wp-json\/wp\/v2\/media\/102402"}],"wp:attachment":[{"href":"https:\/\/corrientesdetarde.com\/index.php\/wp-json\/wp\/v2\/media?parent=102401"}],"wp:term":[{"taxonomy":"category","embeddable":true,"href":"https:\/\/corrientesdetarde.com\/index.php\/wp-json\/wp\/v2\/categories?post=102401"},{"taxonomy":"post_tag","embeddable":true,"href":"https:\/\/corrientesdetarde.com\/index.php\/wp-json\/wp\/v2\/tags?post=102401"}],"curies":[{"name":"wp","href":"https:\/\/api.w.org\/{rel}","templated":true}]}}