{"id":102404,"date":"2023-11-14T20:58:49","date_gmt":"2023-11-14T23:58:49","guid":{"rendered":"https:\/\/corrientesdetarde.com\/?p=102404"},"modified":"2023-11-14T20:58:53","modified_gmt":"2023-11-14T23:58:53","slug":"nuevo-reves-para-los-rugbiers-del-crimen-de-baez-sosa-la-corte-rechazo-un-pedido-de-nulidad-de-la-defensa","status":"publish","type":"post","link":"https:\/\/corrientesdetarde.com\/index.php\/sociales\/nuevo-reves-para-los-rugbiers-del-crimen-de-baez-sosa-la-corte-rechazo-un-pedido-de-nulidad-de-la-defensa\/","title":{"rendered":"Nuevo rev\u00e9s para los rugbiers del crimen de B\u00e1ez Sosa: la Corte rechaz\u00f3 un pedido de nulidad de la defensa"},"content":{"rendered":"\n<p>Se trata de un recurso presentado previo a que se conociera la sentencia a perpetua por el crimen de B\u00e1ez Sosa, un fallo que todav\u00eda est\u00e1 bajo estudio en la Casaci\u00f3n bonaerense.<\/p>\n\n\n\n<p>Los ocho rugbiers condenados por el\u00a0<strong>crimen de Fernando B\u00e1ez Sosa<\/strong>\u00a0recibieron este martes un nuevo rev\u00e9s judicial, luego de que\u00a0<strong>la Corte Suprema de Justicia rechazara un pedido de nulidad presentado por la defensa de los acusados.<\/strong><\/p>\n\n\n\n<p>&#8220;Que el recurso extraordinario, cuya denegaci\u00f3n motiv\u00f3 esta queja, resulta inadmisible&#8221;, indica el fallo firmado por<strong>&nbsp;Horacio Rosatti, Carlos Rosenkrantz, Juan Carlos Maqueda y Ricardo Lorenzetti<\/strong>.<\/p>\n\n\n\n<p>Se trata de un recurso presentado&nbsp;<strong>previo a que se conociera la sentencia a perpetua por el crimen de B\u00e1ez Sosa<\/strong>, un fallo que todav\u00eda est\u00e1 bajo estudio en la Casaci\u00f3n bonaerense.<\/p>\n\n\n\n<p>La Corte Suprema de Justicia de la Naci\u00f3n rechaz\u00f3 por inadmisible este martes un recurso en queja interpuesto por la defensa de los rugbiers<strong>&nbsp;M\u00e1ximo Pablo Thomsen, Enzo Comelli, Ayrton Viollaz, Mat\u00edas Benicelli, Blas Cinalli y Ciro, Lucas y Luciano Pertossi<\/strong>, en un hecho ocurrido el 18 de enero de 2020 en Villa Gesell.<\/p>\n\n\n\n<p>El abogado Hugo Tomei hab\u00eda pedido la nulidad del pedido de elevaci\u00f3n a juicio y el cese de la prisi\u00f3n preventiva, pero la Justicia de Garant\u00edas se lo rechaz\u00f3.<\/p>\n\n\n\n<p>Y ese pronunciamiento fue confirmado, primero, por la Sala I de la C\u00e1mara de Apelaci\u00f3n y Garant\u00edas en lo Penal del Departamento Judicial de Dolores, y luego por la Sala II del Tribunal de Casaci\u00f3n Penal de la Provincia de Buenos Aires.<\/p>\n\n\n\n<p>En tanto, se pas\u00f3 a una instancia inmediata superior, la Suprema Corte bonaerense, que sostuvo que no se hab\u00eda demostrado que &#8220;se hubiera verificado una variaci\u00f3n sustancial en aspectos relevantes que comprometa el principio de congruencia, derivado del derecho de defensa y el debido proceso&#8221;.<\/p>\n\n\n\n<p>Fue as\u00ed como Tomei acudi\u00f3 con su queja hasta la Corte Suprema de Justicia, que ahora le rechaz\u00f3 el planteo por inadmisible.<\/p>\n\n\n\n<p>El m\u00e1ximo tribunal ya hab\u00eda rechazado antes un&nbsp;<strong>habeas corpus<\/strong>&nbsp;contra las prisiones preventivas dictadas en 2020.<\/p>\n\n\n\n<p>En ese momento, los magistrados ratificaron lo actuado por la Sala II del Tribunal de Casaci\u00f3n bonaerense que, en julio de 2020, declar\u00f3 &#8220;inadmisible&#8221; el planteo de la defensa, que cuestionaba las prisiones preventivas, argumentando que eran &#8220;arbitrarias&#8221;.<\/p>\n\n\n\n<p>Los ocho rugbiers condenados permanecen alojados en la Alcaid\u00eda n\u00famero 3 de Melchor Romero y, en agosto pasado, fueron llevados ante la Sala II de Casaci\u00f3n, en La Plata, para participar de una&nbsp;<strong>audiencia oral<\/strong>&nbsp;en el que las partes respaldaron sus recursos de apelaci\u00f3n de la sentencia de primera instancia dictada en febrero pasado por el Tribunal Oral en lo Criminal n\u00famero 1 de Dolores.<\/p>\n\n\n\n<p><strong>Thomsen, Comelli, Benicelli, Luciano y Ciro Pertossi fueron condenados a prisi\u00f3n perpetua<\/strong>, mientras que&nbsp;<strong>Cinalli, Viollaz y Lucas Pertossi recibieron una pena de 15 a\u00f1os de c\u00e1rcel.<\/strong><\/p>\n\n\n\n<p>B\u00e1ez Sosa fue asesinado durante la madrugada del 18 de enero de 2020 a la salida del boliche &#8220;Le Brique&#8221; en el centro de la localidad balnearia de Villa Gesell, tras ser atacado a golpes por un grupo de j\u00f3venes que acababan de ser expulsados de la disco.<\/p>\n\n\n\n<p>Horas despu\u00e9s del homicidio,<strong>&nbsp;los rugbiers fueron detenidos en la casa de veraneo que alquilaban a pocas cuadras de la escena del crimen,<\/strong>&nbsp;y quedaron alojados primero en el penal de Dolores y luego en Melchor Romero.<\/p>\n","protected":false},"excerpt":{"rendered":"<p>Se trata de un recurso presentado previo a que se conociera la sentencia a perpetua por el crimen de B\u00e1ez Sosa, un fallo que todav\u00eda est\u00e1 bajo estudio en la&hellip; <\/p>\n","protected":false},"author":4,"featured_media":102405,"comment_status":"closed","ping_status":"open","sticky":false,"template":"","format":"standard","meta":{"footnotes":""},"categories":[17],"tags":[],"class_list":["post-102404","post","type-post","status-publish","format-standard","has-post-thumbnail","hentry","category-sociales"],"_links":{"self":[{"href":"https:\/\/corrientesdetarde.com\/index.php\/wp-json\/wp\/v2\/posts\/102404","targetHints":{"allow":["GET"]}}],"collection":[{"href":"https:\/\/corrientesdetarde.com\/index.php\/wp-json\/wp\/v2\/posts"}],"about":[{"href":"https:\/\/corrientesdetarde.com\/index.php\/wp-json\/wp\/v2\/types\/post"}],"author":[{"embeddable":true,"href":"https:\/\/corrientesdetarde.com\/index.php\/wp-json\/wp\/v2\/users\/4"}],"replies":[{"embeddable":true,"href":"https:\/\/corrientesdetarde.com\/index.php\/wp-json\/wp\/v2\/comments?post=102404"}],"version-history":[{"count":1,"href":"https:\/\/corrientesdetarde.com\/index.php\/wp-json\/wp\/v2\/posts\/102404\/revisions"}],"predecessor-version":[{"id":102406,"href":"https:\/\/corrientesdetarde.com\/index.php\/wp-json\/wp\/v2\/posts\/102404\/revisions\/102406"}],"wp:featuredmedia":[{"embeddable":true,"href":"https:\/\/corrientesdetarde.com\/index.php\/wp-json\/wp\/v2\/media\/102405"}],"wp:attachment":[{"href":"https:\/\/corrientesdetarde.com\/index.php\/wp-json\/wp\/v2\/media?parent=102404"}],"wp:term":[{"taxonomy":"category","embeddable":true,"href":"https:\/\/corrientesdetarde.com\/index.php\/wp-json\/wp\/v2\/categories?post=102404"},{"taxonomy":"post_tag","embeddable":true,"href":"https:\/\/corrientesdetarde.com\/index.php\/wp-json\/wp\/v2\/tags?post=102404"}],"curies":[{"name":"wp","href":"https:\/\/api.w.org\/{rel}","templated":true}]}}