{"id":102412,"date":"2023-11-14T21:41:41","date_gmt":"2023-11-15T00:41:41","guid":{"rendered":"https:\/\/corrientesdetarde.com\/?p=102412"},"modified":"2023-11-14T21:41:45","modified_gmt":"2023-11-15T00:41:45","slug":"la-seleccion-tiene-dos-dudas-para-enfrentar-a-uruguay-en-la-bombonera","status":"publish","type":"post","link":"https:\/\/corrientesdetarde.com\/index.php\/deportes\/la-seleccion-tiene-dos-dudas-para-enfrentar-a-uruguay-en-la-bombonera\/","title":{"rendered":"La Selecci\u00f3n tiene dos dudas para enfrentar a Uruguay en La Bombonera"},"content":{"rendered":"\n<p>El plantel comandado por Lionel Scaloni tuvo su segundo entrenamiento antes delos cl\u00e1sicos ante Uruguay y Brasil.<\/p>\n\n\n\n<p>La Selecci\u00f3n argentina tuvo su segundo entrenamiento de cara a la doble fecha de Eliminatorias rumbo al Mundial de Estados Unidos, M\u00e9xico y Canad\u00e1 2026 ante Uruguay y Brasil y&nbsp;<strong>se par\u00f3 en la cancha con dos dudas para el once titular que saldr\u00e1 a jugar en La Bombonera este jueves 16 de noviembre a las 17<\/strong>.<\/p>\n\n\n\n<p>Las inc\u00f3gnitas se mantienen con respecto al primer d\u00eda:&nbsp;<strong>Juli\u00e1n \u00c1lvarez o Lautaro Mart\u00ednez es la primera duda del entrenador Lionel Scaloni para el puesto de centrodelantero, mientras que Nicol\u00e1s Gonz\u00e1lez -viene de convertir en Fiorentina- o \u00c1ngel Di Mar\u00eda -ya recuperado de su lesi\u00f3n en Benfica-, es la segunda duda para el extremo izquierdo<\/strong>.<\/p>\n\n\n\n<p>Para este martes se sumaron a los ensayos los jugadores que no estuvieron presentes el lunes:&nbsp;<strong>Di Mar\u00eda, Nicol\u00e1s Otamendi, Nicol\u00e1s Tagliafico, Francisco Ortega, Guido Pizzarro, Germ\u00e1n Pezzella, Marcos Acu\u00f1a, Lucas Ocampos y Mart\u00ednez.<\/strong><\/p>\n\n\n\n<p><strong>Emiliano &#8220;Dibu&#8221; Mart\u00ednez; Nahuel Molina, Cristian Romero, Nicol\u00e1s Otamendi, Nicol\u00e1s Tagliafico; Rodrigo De Paul, Enzo Fern\u00e1ndez, Alexis Mac Allister; Lionel Messi, Lautaro Mart\u00ednez o Juli\u00e1n \u00c1lvarez y Nicol\u00e1s Gonz\u00e1lez o \u00c1ngel Di Mar\u00eda<\/strong>&nbsp;ser\u00eda el equipo titular para enfrentar a los uruguayos este jueves.<\/p>\n\n\n\n<p>Este mi\u00e9rcoles,&nbsp;<strong>Lionel Scaloni brindar\u00e1 una conferencia en un horario a\u00fan por determinar<\/strong>, seguida de una pr\u00e1ctica sin la presencia de periodistas como lo fue el lunes, la cu\u00e1l ser\u00e1 la \u00faltima en Ezeiza antes del encuentro frente a Uruguay en el estadio La Bombonera a las 17.<\/p>\n\n\n\n<p>El plantel capitaneado por Messi est\u00e1 invicto en las Eliminatorias,&nbsp;<strong>con cuatro triunfos consecutivos ante Ecuador -1 a 0-, Bolivia -3 a 0-, Paraguay -1 a 0- y Per\u00fa -2 a 0-<\/strong>. Adem\u00e1s, no recibi\u00f3 goles desde la final del Mundial ante Francia, por lo que espera estirar esta racha en los dos cl\u00e1sicos siguientes ante Uruguay y Brasil.<\/p>\n\n\n\n<h2 class=\"wp-block-heading\">El futuro de Di Mar\u00eda<\/h2>\n\n\n\n<p>Este encuentro ante Uruguay ser\u00e1 especial para Di Mar\u00eda, ya que hace un tiempo&nbsp;<strong>revel\u00f3 que la Copa Am\u00e9rica 2024 ser\u00eda la \u00faltima competencia que jugar\u00eda con la camiseta de la Selecci\u00f3n argentina<\/strong>, por lo que este duelo con los charr\u00faas&nbsp;<strong>puede ser el \u00faltimo del atacante como local debido a que las Eliminatorias tendr\u00e1n un parate en el primer semestre del pr\u00f3ximo a\u00f1o<\/strong>.<\/p>\n\n\n\n<p>Los futbolistas&nbsp;<strong>Leandro Paredes, Paulo Dybala y Giovani Lo Celso<\/strong>, quienes se quedaron despu\u00e9s del entrenamiento para hablar con la prensa, declararon que Di Mar\u00eda deb\u00eda seguir con el grupo en el camino al Mundial 2026 pero que era su decisi\u00f3n si quer\u00eda retirarse del equipo nacional a sus 35 a\u00f1os.<\/p>\n","protected":false},"excerpt":{"rendered":"<p>El plantel comandado por Lionel Scaloni tuvo su segundo entrenamiento antes delos cl\u00e1sicos ante Uruguay y Brasil. La Selecci\u00f3n argentina tuvo su segundo entrenamiento de cara a la doble fecha&hellip; <\/p>\n","protected":false},"author":4,"featured_media":102413,"comment_status":"closed","ping_status":"open","sticky":false,"template":"","format":"standard","meta":{"footnotes":""},"categories":[4],"tags":[],"class_list":["post-102412","post","type-post","status-publish","format-standard","has-post-thumbnail","hentry","category-deportes"],"_links":{"self":[{"href":"https:\/\/corrientesdetarde.com\/index.php\/wp-json\/wp\/v2\/posts\/102412","targetHints":{"allow":["GET"]}}],"collection":[{"href":"https:\/\/corrientesdetarde.com\/index.php\/wp-json\/wp\/v2\/posts"}],"about":[{"href":"https:\/\/corrientesdetarde.com\/index.php\/wp-json\/wp\/v2\/types\/post"}],"author":[{"embeddable":true,"href":"https:\/\/corrientesdetarde.com\/index.php\/wp-json\/wp\/v2\/users\/4"}],"replies":[{"embeddable":true,"href":"https:\/\/corrientesdetarde.com\/index.php\/wp-json\/wp\/v2\/comments?post=102412"}],"version-history":[{"count":1,"href":"https:\/\/corrientesdetarde.com\/index.php\/wp-json\/wp\/v2\/posts\/102412\/revisions"}],"predecessor-version":[{"id":102414,"href":"https:\/\/corrientesdetarde.com\/index.php\/wp-json\/wp\/v2\/posts\/102412\/revisions\/102414"}],"wp:featuredmedia":[{"embeddable":true,"href":"https:\/\/corrientesdetarde.com\/index.php\/wp-json\/wp\/v2\/media\/102413"}],"wp:attachment":[{"href":"https:\/\/corrientesdetarde.com\/index.php\/wp-json\/wp\/v2\/media?parent=102412"}],"wp:term":[{"taxonomy":"category","embeddable":true,"href":"https:\/\/corrientesdetarde.com\/index.php\/wp-json\/wp\/v2\/categories?post=102412"},{"taxonomy":"post_tag","embeddable":true,"href":"https:\/\/corrientesdetarde.com\/index.php\/wp-json\/wp\/v2\/tags?post=102412"}],"curies":[{"name":"wp","href":"https:\/\/api.w.org\/{rel}","templated":true}]}}