{"id":102418,"date":"2023-11-14T22:36:02","date_gmt":"2023-11-15T01:36:02","guid":{"rendered":"https:\/\/corrientesdetarde.com\/?p=102418"},"modified":"2023-11-14T22:36:08","modified_gmt":"2023-11-15T01:36:08","slug":"bullrich-todo-fiscal-que-vaya-a-cuidar-los-votos-se-tiene-que-poner-el-cuchillo-entre-los-dientes","status":"publish","type":"post","link":"https:\/\/corrientesdetarde.com\/index.php\/politica\/bullrich-todo-fiscal-que-vaya-a-cuidar-los-votos-se-tiene-que-poner-el-cuchillo-entre-los-dientes\/","title":{"rendered":"Bullrich: \u201cTodo fiscal que vaya a cuidar los votos se tiene que poner el cuchillo entre los dientes\u201d"},"content":{"rendered":"\n<p>La titular del PRO y aliada de La Libertad Avanza convoc\u00f3 a militantes y fiscales de todo el pa\u00eds para reforzar la importancia de la fiscalizaci\u00f3n de cara al balotaje..<\/p>\n\n\n\n<p>La presidenta del PRO,\u00a0<strong>Patricia Bullrich, principal aliada de Javier Milei<\/strong>\u00a0(LLA) de cara a la segunda vuelta electoral, encabez\u00f3 este martes un acto donde\u00a0<strong>reforz\u00f3 ante militantes y fiscales la importancia de la fiscalizaci\u00f3n frente a la elecci\u00f3n del pr\u00f3ximo domingo<\/strong>.<\/p>\n\n\n\n<p>\u201cLa&nbsp;<strong>fiscalizaci\u00f3n en esta elecci\u00f3n es un recurso estrat\u00e9gico<\/strong>. Todo fiscal que vaya con la decisi\u00f3n de cuidar los votos se tiene que poner el cuchillo entre los dientes para lograr y defender todos y cada uno de los votos\u201d, areng\u00f3 Bullrich ante la militancia opositora.<\/p>\n\n\n\n<p>En esa l\u00ednea, la ex ministra de Seguridad, agreg\u00f3: &#8220;Nadie abandone una mesa sin mirar diez veces el acta. Todo el mundo atento.<strong>&nbsp;Todo el mundo sabiendo que estamos, no mirando una boleta, sino luchando contra un aparato que sabe que el domingo pierde sus privilegios<\/strong>. Y nosotros tenemos que defender la democracia y el cambio a como de lugar\u201d.<\/p>\n\n\n\n<p>Durante el encuentro denominado \u201cFiscales por el Cambio y la Libertad\u201d en el barrio de Colegiales, Bullrich estuvo acompa\u00f1ada del ex candidato a vicepresidente&nbsp;<strong>Luis Petri<\/strong>, el diputado nacional,&nbsp;<strong>Cristian Ritondo<\/strong>, la dirigente del PRO,&nbsp;<strong>Silvana Giudici<\/strong>&nbsp;y el diputado nacional electo,&nbsp;<strong>Dami\u00e1n Arabia<\/strong>.<\/p>\n\n\n\n<p>En ese marco, la dirigente del PRO alert\u00f3 que al oficialismo le queda un \u201c<strong>recurso<\/strong>\u201d para ganar la elecci\u00f3n y afirm\u00f3 que esa herramienta tiene que ver con el robo de boletas. \u201c<strong>Cada dos minutos entr\u00e1s al cuarto oscuro y no ten\u00e9s boleta. Se las guardan, se las llevan, las tiran y las rompen<\/strong>\u201d, alert\u00f3.<\/p>\n\n\n\n<p>A su vez, la aliada de Milei aprovech\u00f3 para enviarle un mensaje a los votantes que acompa\u00f1aron a Juntos por el Cambio en las generales del 22 de octubre. \u201c<strong>Les quiero decir a los 6 millones 400 mil argentinos que nos votaron que este domingo pongan toda la fuerza&#8221;,&nbsp;<\/strong>pidi\u00f3.<strong>&nbsp;<\/strong><\/p>\n\n\n\n<p>\u201c<strong>Los ciudadanos que nos votaron estoy convencida que, la enorme mayor\u00eda, van a acompa\u00f1ar la victoria del domingo en Argentina<\/strong>\u201d, consider\u00f3.<\/p>\n\n\n\n<p>Adem\u00e1s, Bullrich dijo que los referentes de JxC que no optaron por aliarse con los libertarios \u201c<strong>van a ser dirigentes sin gente<\/strong>\u201d tras el balotaje.<\/p>\n\n\n\n<p>Por \u00faltimo, la ex candidata presidencial hizo alusi\u00f3n al debate del domingo pasado y asegur\u00f3 que Massa se mostr\u00f3 capaz de tener una mirada \u201ctotal y absolutamente autoritaria\u201d y de querer \u201cdominar la escena\u201d e intentar parecerse a \u201c<strong>Cristina Fern\u00e1ndez de Kirchner sin pelo largo<\/strong>\u201d.<\/p>\n\n\n\n<p>\u201cSi ese proyecto gana las elecciones, nosotros, el pueblo argentino, los argentinos que hoy est\u00e1n sufriendo, los de arriba, los del medio, los de abajo y todos, van a sufrir m\u00e1s. Un pa\u00eds que va a ser Formosa, de C\u00f3rdoba a Buenos Aires y de Jujuy a Ushuaia. Eso es lo que espera\u201d, se\u00f1al\u00f3.<\/p>\n","protected":false},"excerpt":{"rendered":"<p>La titular del PRO y aliada de La Libertad Avanza convoc\u00f3 a militantes y fiscales de todo el pa\u00eds para reforzar la importancia de la fiscalizaci\u00f3n de cara al balotaje..&hellip; <\/p>\n","protected":false},"author":4,"featured_media":102419,"comment_status":"closed","ping_status":"open","sticky":false,"template":"","format":"standard","meta":{"footnotes":""},"categories":[3],"tags":[],"class_list":["post-102418","post","type-post","status-publish","format-standard","has-post-thumbnail","hentry","category-politica"],"_links":{"self":[{"href":"https:\/\/corrientesdetarde.com\/index.php\/wp-json\/wp\/v2\/posts\/102418","targetHints":{"allow":["GET"]}}],"collection":[{"href":"https:\/\/corrientesdetarde.com\/index.php\/wp-json\/wp\/v2\/posts"}],"about":[{"href":"https:\/\/corrientesdetarde.com\/index.php\/wp-json\/wp\/v2\/types\/post"}],"author":[{"embeddable":true,"href":"https:\/\/corrientesdetarde.com\/index.php\/wp-json\/wp\/v2\/users\/4"}],"replies":[{"embeddable":true,"href":"https:\/\/corrientesdetarde.com\/index.php\/wp-json\/wp\/v2\/comments?post=102418"}],"version-history":[{"count":1,"href":"https:\/\/corrientesdetarde.com\/index.php\/wp-json\/wp\/v2\/posts\/102418\/revisions"}],"predecessor-version":[{"id":102420,"href":"https:\/\/corrientesdetarde.com\/index.php\/wp-json\/wp\/v2\/posts\/102418\/revisions\/102420"}],"wp:featuredmedia":[{"embeddable":true,"href":"https:\/\/corrientesdetarde.com\/index.php\/wp-json\/wp\/v2\/media\/102419"}],"wp:attachment":[{"href":"https:\/\/corrientesdetarde.com\/index.php\/wp-json\/wp\/v2\/media?parent=102418"}],"wp:term":[{"taxonomy":"category","embeddable":true,"href":"https:\/\/corrientesdetarde.com\/index.php\/wp-json\/wp\/v2\/categories?post=102418"},{"taxonomy":"post_tag","embeddable":true,"href":"https:\/\/corrientesdetarde.com\/index.php\/wp-json\/wp\/v2\/tags?post=102418"}],"curies":[{"name":"wp","href":"https:\/\/api.w.org\/{rel}","templated":true}]}}